{"id":2810,"date":"2023-05-06T04:05:05","date_gmt":"2023-05-06T02:05:05","guid":{"rendered":"https:\/\/www.trabajoenzamora.com\/blog\/?p=2810"},"modified":"2023-05-06T04:05:05","modified_gmt":"2023-05-06T02:05:05","slug":"como-ir-vestida-a-una-entrevista-de-trabajo-en-verano","status":"publish","type":"post","link":"https:\/\/www.trabajoenzamora.com\/blog\/como-ir-vestida-a-una-entrevista-de-trabajo-en-verano\/","title":{"rendered":"Consejos de Estilo: C\u00f3mo Ir Vestida para una Entrevista de Trabajo en Verano"},"content":{"rendered":"<h2><span class=\"ez-toc-section\" id=\"Consejos_para_ir_vestida_a_una_entrevista_de_trabajo_en_verano\"><\/span>Consejos para ir vestida a una entrevista de trabajo en verano<span class=\"ez-toc-section-end\"><\/span><\/h2><div id=\"ez-toc-container\" class=\"ez-toc-v2_0_82_2 counter-hierarchy ez-toc-counter ez-toc-custom ez-toc-container-direction\">\n<p class=\"ez-toc-title\" style=\"cursor:inherit\">Contenidos<\/p>\n<label for=\"ez-toc-cssicon-toggle-item-69f53fafc68d9\" class=\"ez-toc-cssicon-toggle-label\"><span class=\"ez-toc-cssicon\"><span class=\"eztoc-hide\" style=\"display:none;\">Toggle<\/span><span class=\"ez-toc-icon-toggle-span\"><svg style=\"fill: #686868;color:#686868\" xmlns=\"http:\/\/www.w3.org\/2000\/svg\" class=\"list-377408\" width=\"20px\" height=\"20px\" viewBox=\"0 0 24 24\" fill=\"none\"><path d=\"M6 6H4v2h2V6zm14 0H8v2h12V6zM4 11h2v2H4v-2zm16 0H8v2h12v-2zM4 16h2v2H4v-2zm16 0H8v2h12v-2z\" fill=\"currentColor\"><\/path><\/svg><svg style=\"fill: #686868;color:#686868\" class=\"arrow-unsorted-368013\" xmlns=\"http:\/\/www.w3.org\/2000\/svg\" width=\"10px\" height=\"10px\" viewBox=\"0 0 24 24\" version=\"1.2\" baseProfile=\"tiny\"><path d=\"M18.2 9.3l-6.2-6.3-6.2 6.3c-.2.2-.3.4-.3.7s.1.5.3.7c.2.2.4.3.7.3h11c.3 0 .5-.1.7-.3.2-.2.3-.5.3-.7s-.1-.5-.3-.7zM5.8 14.7l6.2 6.3 6.2-6.3c.2-.2.3-.5.3-.7s-.1-.5-.3-.7c-.2-.2-.4-.3-.7-.3h-11c-.3 0-.5.1-.7.3-.2.2-.3.5-.3.7s.1.5.3.7z\"\/><\/svg><\/span><\/span><\/label><input type=\"checkbox\"  id=\"ez-toc-cssicon-toggle-item-69f53fafc68d9\"  aria-label=\"Alternar\" \/><nav><ul class='ez-toc-list ez-toc-list-level-1 ' ><li class='ez-toc-page-1 ez-toc-heading-level-2'><a class=\"ez-toc-link ez-toc-heading-1\" href=\"https:\/\/www.trabajoenzamora.com\/blog\/como-ir-vestida-a-una-entrevista-de-trabajo-en-verano\/#Consejos_para_ir_vestida_a_una_entrevista_de_trabajo_en_verano\" >Consejos para ir vestida a una entrevista de trabajo en verano<\/a><\/li><li class='ez-toc-page-1 ez-toc-heading-level-2'><a class=\"ez-toc-link ez-toc-heading-2\" href=\"https:\/\/www.trabajoenzamora.com\/blog\/como-ir-vestida-a-una-entrevista-de-trabajo-en-verano\/#1_Prepara_un_look_profesional\" >1. Prepara un look profesional<\/a><\/li><li class='ez-toc-page-1 ez-toc-heading-level-2'><a class=\"ez-toc-link ez-toc-heading-3\" href=\"https:\/\/www.trabajoenzamora.com\/blog\/como-ir-vestida-a-una-entrevista-de-trabajo-en-verano\/#2_Elige_colores_adecuados\" >2. Elige colores adecuados<\/a><\/li><li class='ez-toc-page-1 ez-toc-heading-level-2'><a class=\"ez-toc-link ez-toc-heading-4\" href=\"https:\/\/www.trabajoenzamora.com\/blog\/como-ir-vestida-a-una-entrevista-de-trabajo-en-verano\/#3_Usa_zapatos_comodos\" >3. Usa zapatos c\u00f3modos<\/a><\/li><li class='ez-toc-page-1 ez-toc-heading-level-2'><a class=\"ez-toc-link ez-toc-heading-5\" href=\"https:\/\/www.trabajoenzamora.com\/blog\/como-ir-vestida-a-una-entrevista-de-trabajo-en-verano\/#4_Usa_los_accesorios_correctos\" >4. Usa los accesorios correctos<\/a><\/li><li class='ez-toc-page-1 ez-toc-heading-level-2'><a class=\"ez-toc-link ez-toc-heading-6\" href=\"https:\/\/www.trabajoenzamora.com\/blog\/como-ir-vestida-a-una-entrevista-de-trabajo-en-verano\/#5_Cuida_tu_imagen\" >5. Cuida tu imagen<\/a><ul class='ez-toc-list-level-3' ><li class='ez-toc-heading-level-3'><a class=\"ez-toc-link ez-toc-heading-7\" href=\"https:\/\/www.trabajoenzamora.com\/blog\/como-ir-vestida-a-una-entrevista-de-trabajo-en-verano\/#En_conclusion\" >En conclusi\u00f3n<\/a><\/li><\/ul><\/li><\/ul><\/nav><\/div>\n\n<p>El verano es una \u00e9poca en la que la mayor\u00eda de personas disfrutan de sus vacaciones y, por tanto, de la libertad de vestir como deseen. Sin embargo, si vas a una entrevista de trabajo durante esta \u00e9poca, es importante que tengas en cuenta algunas recomendaciones para que tu imagen sea adecuada para la ocasi\u00f3n.<\/p>\n<h2><span class=\"ez-toc-section\" id=\"1_Prepara_un_look_profesional\"><\/span>1. Prepara un look profesional<span class=\"ez-toc-section-end\"><\/span><\/h2>\n<p>En primer lugar, es importante que elijas un look profesional. Esto significa que debes optar por prendas de vestir formales, como un vestido o una falda midi, un pantal\u00f3n de vestir y una camisa o blusa. Evita los pantalones cortos, las camisetas sin mangas o los vestidos demasiado reveladores.<\/p>\n<h2><span class=\"ez-toc-section\" id=\"2_Elige_colores_adecuados\"><\/span>2. Elige colores adecuados<span class=\"ez-toc-section-end\"><\/span><\/h2>\n<p>A la hora de elegir los colores para tu look, es importante que optes por tonos neutros y cl\u00e1sicos, como el negro, el blanco, el gris, el beige o el marr\u00f3n. Estos colores son los m\u00e1s adecuados para una entrevista de trabajo.<\/p>\n<h2><span class=\"ez-toc-section\" id=\"3_Usa_zapatos_comodos\"><\/span>3. Usa zapatos c\u00f3modos<span class=\"ez-toc-section-end\"><\/span><\/h2>\n<p>Los zapatos son un elemento clave para un look profesional. Por lo tanto, es importante que optes por zapatos c\u00f3modos, como unos tacones bajos o unos mocasines. Evita los zapatos planos o los sandalias.<\/p>\n<p><\/p>\n<div id='video-containerKagKaiEtYDk' style='width:100%; height:auto; max-width:587px; position: relative;' onclick='var iframe = document.createElement(\"iframe\"); iframe.src = \"https:\/\/www.youtube.com\/embed\/KagKaiEtYDk?autoplay=1\"; iframe.style.width = \"100%\"; iframe.style.maxWidth = \"800px\"; iframe.frameborder = 0; iframe.allowfullscreen = \"allowfullscreen\"; document.getElementById(\"video-containerKagKaiEtYDk\").innerHTML = \"\"; document.getElementById(\"video-containerKagKaiEtYDk\").appendChild(iframe);'>\n<div class='image-video-plugin' style='background:url(\"https:\/\/img.youtube.com\/vi\/KagKaiEtYDk\/0.jpg\") center no-repeat; background-size: cover;'><\/div>\n<p><span class='youtube-play-button'><\/span><noscript><a href='https:\/\/www.youtube.com\/watch?v=KagKaiEtYDk' target='_blank' rel=\"noopener\">Play on YouTube<\/a><\/noscript><\/div>\n<p><\/p>\n<h2><span class=\"ez-toc-section\" id=\"4_Usa_los_accesorios_correctos\"><\/span>4. Usa los accesorios correctos<span class=\"ez-toc-section-end\"><\/span><\/h2>\n<p>Los accesorios tambi\u00e9n son un elemento importante para tu look. Si vas a una entrevista de trabajo en verano, es recomendable que lleves un bolso peque\u00f1o y discreto, as\u00ed como unos pendientes sencillos. Evita los bolsos grandes, los collares llamativos o los brazaletes.<\/p>\n<h2><span class=\"ez-toc-section\" id=\"5_Cuida_tu_imagen\"><\/span>5. Cuida tu imagen<span class=\"ez-toc-section-end\"><\/span><\/h2>\n<p>Por \u00faltimo, es importante que cuides tu imagen para la entrevista. Esto significa que debes llevar el cabello recogido y peinado de forma discreta. Adem\u00e1s, debes asegurarte de que tu maquillaje sea ligero y natural.<\/p>\n<h3><span class=\"ez-toc-section\" id=\"En_conclusion\"><\/span>En conclusi\u00f3n<span class=\"ez-toc-section-end\"><\/span><\/h3>\n<p>Ir vestida a una entrevista de trabajo en verano no es una tarea sencilla. Es importante que elijas prendas formales, colores neutros y cl\u00e1sicos, zapatos c\u00f3modos y los accesorios adecuados. Adem\u00e1s, debes cuidar tu imagen y asegurarte de que tu look sea profesional y adecuado para la ocasi\u00f3n.<link rel='stylesheet' href='https:\/\/www.trabajoenzamora.com\/blog\/wp-content\/plugins\/aitomaticblog\/public\/css\/style-iyr.css' type='text\/css' media='all' \/>\n","protected":false},"excerpt":{"rendered":"<p>Consejos para ir vestida a una entrevista de trabajo en verano El verano es una \u00e9poca en la que la mayor\u00eda de personas disfrutan de [&hellip;]<\/p>\n","protected":false},"author":1,"featured_media":2811,"comment_status":"open","ping_status":"","sticky":false,"template":"","format":"standard","meta":{"_uag_custom_page_level_css":"","site-sidebar-layout":"default","site-content-layout":"","ast-site-content-layout":"default","site-content-style":"default","site-sidebar-style":"default","ast-global-header-display":"","ast-banner-title-visibility":"","ast-main-header-display":"","ast-hfb-above-header-display":"","ast-hfb-below-header-display":"","ast-hfb-mobile-header-display":"","site-post-title":"","ast-breadcrumbs-content":"","ast-featured-img":"","footer-sml-layout":"","ast-disable-related-posts":"","theme-transparent-header-meta":"","adv-header-id-meta":"","stick-header-meta":"","header-above-stick-meta":"","header-main-stick-meta":"","header-below-stick-meta":"","astra-migrate-meta-layouts":"default","ast-page-background-enabled":"default","ast-page-background-meta":{"desktop":{"background-color":"var(--ast-global-color-4)","background-image":"","background-repeat":"repeat","background-position":"center center","background-size":"auto","background-attachment":"scroll","background-type":"","background-media":"","overlay-type":"","overlay-color":"","overlay-opacity":"","overlay-gradient":""},"tablet":{"background-color":"","background-image":"","background-repeat":"repeat","background-position":"center center","background-size":"auto","background-attachment":"scroll","background-type":"","background-media":"","overlay-type":"","overlay-color":"","overlay-opacity":"","overlay-gradient":""},"mobile":{"background-color":"","background-image":"","background-repeat":"repeat","background-position":"center center","background-size":"auto","background-attachment":"scroll","background-type":"","background-media":"","overlay-type":"","overlay-color":"","overlay-opacity":"","overlay-gradient":""}},"ast-content-background-meta":{"desktop":{"background-color":"var(--ast-global-color-5)","background-image":"","background-repeat":"repeat","background-position":"center center","background-size":"auto","background-attachment":"scroll","background-type":"","background-media":"","overlay-type":"","overlay-color":"","overlay-opacity":"","overlay-gradient":""},"tablet":{"background-color":"var(--ast-global-color-5)","background-image":"","background-repeat":"repeat","background-position":"center center","background-size":"auto","background-attachment":"scroll","background-type":"","background-media":"","overlay-type":"","overlay-color":"","overlay-opacity":"","overlay-gradient":""},"mobile":{"background-color":"var(--ast-global-color-5)","background-image":"","background-repeat":"repeat","background-position":"center center","background-size":"auto","background-attachment":"scroll","background-type":"","background-media":"","overlay-type":"","overlay-color":"","overlay-opacity":"","overlay-gradient":""}},"footnotes":""},"categories":[295],"tags":[],"class_list":["post-2810","post","type-post","status-publish","format-standard","has-post-thumbnail","hentry","category-entrevistas-de-trabajo"],"uagb_featured_image_src":{"full":["https:\/\/www.trabajoenzamora.com\/blog\/wp-content\/uploads\/2023\/04\/Como-ir-vestida-a-una-entrevista-de-trabajo-en-verano.jpg",711,400,false],"thumbnail":["https:\/\/www.trabajoenzamora.com\/blog\/wp-content\/uploads\/2023\/04\/Como-ir-vestida-a-una-entrevista-de-trabajo-en-verano-150x150.jpg",150,150,true],"medium":["https:\/\/www.trabajoenzamora.com\/blog\/wp-content\/uploads\/2023\/04\/Como-ir-vestida-a-una-entrevista-de-trabajo-en-verano.jpg",300,169,false],"medium_large":["https:\/\/www.trabajoenzamora.com\/blog\/wp-content\/uploads\/2023\/04\/Como-ir-vestida-a-una-entrevista-de-trabajo-en-verano.jpg",711,400,false],"large":["https:\/\/www.trabajoenzamora.com\/blog\/wp-content\/uploads\/2023\/04\/Como-ir-vestida-a-una-entrevista-de-trabajo-en-verano.jpg",711,400,true],"1536x1536":["https:\/\/www.trabajoenzamora.com\/blog\/wp-content\/uploads\/2023\/04\/Como-ir-vestida-a-una-entrevista-de-trabajo-en-verano.jpg",711,400,false],"2048x2048":["https:\/\/www.trabajoenzamora.com\/blog\/wp-content\/uploads\/2023\/04\/Como-ir-vestida-a-una-entrevista-de-trabajo-en-verano.jpg",711,400,false]},"uagb_author_info":{"display_name":"xenonfactory","author_link":"https:\/\/www.trabajoenzamora.com\/blog\/author\/xenonfactory\/"},"uagb_comment_info":0,"uagb_excerpt":"Consejos para ir vestida a una entrevista de trabajo en verano El verano es una \u00e9poca en la que la mayor\u00eda de personas disfrutan de [&hellip;]","amp_enabled":true,"_links":{"self":[{"href":"https:\/\/www.trabajoenzamora.com\/blog\/wp-json\/wp\/v2\/posts\/2810","targetHints":{"allow":["GET"]}}],"collection":[{"href":"https:\/\/www.trabajoenzamora.com\/blog\/wp-json\/wp\/v2\/posts"}],"about":[{"href":"https:\/\/www.trabajoenzamora.com\/blog\/wp-json\/wp\/v2\/types\/post"}],"author":[{"embeddable":true,"href":"https:\/\/www.trabajoenzamora.com\/blog\/wp-json\/wp\/v2\/users\/1"}],"replies":[{"embeddable":true,"href":"https:\/\/www.trabajoenzamora.com\/blog\/wp-json\/wp\/v2\/comments?post=2810"}],"version-history":[{"count":0,"href":"https:\/\/www.trabajoenzamora.com\/blog\/wp-json\/wp\/v2\/posts\/2810\/revisions"}],"wp:featuredmedia":[{"embeddable":true,"href":"https:\/\/www.trabajoenzamora.com\/blog\/wp-json\/wp\/v2\/media\/2811"}],"wp:attachment":[{"href":"https:\/\/www.trabajoenzamora.com\/blog\/wp-json\/wp\/v2\/media?parent=2810"}],"wp:term":[{"taxonomy":"category","embeddable":true,"href":"https:\/\/www.trabajoenzamora.com\/blog\/wp-json\/wp\/v2\/categories?post=2810"},{"taxonomy":"post_tag","embeddable":true,"href":"https:\/\/www.trabajoenzamora.com\/blog\/wp-json\/wp\/v2\/tags?post=2810"}],"curies":[{"name":"wp","href":"https:\/\/api.w.org\/{rel}","templated":true}]}}