{"id":2716,"date":"2023-05-03T02:05:03","date_gmt":"2023-05-03T00:05:03","guid":{"rendered":"https:\/\/www.trabajoenzamora.com\/blog\/?p=2716"},"modified":"2023-05-03T02:05:03","modified_gmt":"2023-05-03T00:05:03","slug":"como-ir-a-una-entrevista-de-trabajo-en-verano","status":"publish","type":"post","link":"https:\/\/www.trabajoenzamora.com\/blog\/como-ir-a-una-entrevista-de-trabajo-en-verano\/","title":{"rendered":"Consejos Pr\u00e1cticos para Ir a una Entrevista de Trabajo en Verano: C\u00f3mo Prepararte para Destacar"},"content":{"rendered":"<h2><span class=\"ez-toc-section\" id=\"Introduccion\"><\/span>Introducci\u00f3n<span class=\"ez-toc-section-end\"><\/span><\/h2><div id=\"ez-toc-container\" class=\"ez-toc-v2_0_82_2 counter-hierarchy ez-toc-counter ez-toc-custom ez-toc-container-direction\">\n<p class=\"ez-toc-title\" style=\"cursor:inherit\">Contenidos<\/p>\n<label for=\"ez-toc-cssicon-toggle-item-69f53ffd523ee\" class=\"ez-toc-cssicon-toggle-label\"><span class=\"ez-toc-cssicon\"><span class=\"eztoc-hide\" style=\"display:none;\">Toggle<\/span><span class=\"ez-toc-icon-toggle-span\"><svg style=\"fill: #686868;color:#686868\" xmlns=\"http:\/\/www.w3.org\/2000\/svg\" class=\"list-377408\" width=\"20px\" height=\"20px\" viewBox=\"0 0 24 24\" fill=\"none\"><path d=\"M6 6H4v2h2V6zm14 0H8v2h12V6zM4 11h2v2H4v-2zm16 0H8v2h12v-2zM4 16h2v2H4v-2zm16 0H8v2h12v-2z\" fill=\"currentColor\"><\/path><\/svg><svg style=\"fill: #686868;color:#686868\" class=\"arrow-unsorted-368013\" xmlns=\"http:\/\/www.w3.org\/2000\/svg\" width=\"10px\" height=\"10px\" viewBox=\"0 0 24 24\" version=\"1.2\" baseProfile=\"tiny\"><path d=\"M18.2 9.3l-6.2-6.3-6.2 6.3c-.2.2-.3.4-.3.7s.1.5.3.7c.2.2.4.3.7.3h11c.3 0 .5-.1.7-.3.2-.2.3-.5.3-.7s-.1-.5-.3-.7zM5.8 14.7l6.2 6.3 6.2-6.3c.2-.2.3-.5.3-.7s-.1-.5-.3-.7c-.2-.2-.4-.3-.7-.3h-11c-.3 0-.5.1-.7.3-.2.2-.3.5-.3.7s.1.5.3.7z\"\/><\/svg><\/span><\/span><\/label><input type=\"checkbox\"  id=\"ez-toc-cssicon-toggle-item-69f53ffd523ee\"  aria-label=\"Alternar\" \/><nav><ul class='ez-toc-list ez-toc-list-level-1 ' ><li class='ez-toc-page-1 ez-toc-heading-level-2'><a class=\"ez-toc-link ez-toc-heading-1\" href=\"https:\/\/www.trabajoenzamora.com\/blog\/como-ir-a-una-entrevista-de-trabajo-en-verano\/#Introduccion\" >Introducci\u00f3n<\/a><\/li><li class='ez-toc-page-1 ez-toc-heading-level-2'><a class=\"ez-toc-link ez-toc-heading-2\" href=\"https:\/\/www.trabajoenzamora.com\/blog\/como-ir-a-una-entrevista-de-trabajo-en-verano\/#Preparacion\" >Preparaci\u00f3n<\/a><\/li><li class='ez-toc-page-1 ez-toc-heading-level-2'><a class=\"ez-toc-link ez-toc-heading-3\" href=\"https:\/\/www.trabajoenzamora.com\/blog\/como-ir-a-una-entrevista-de-trabajo-en-verano\/#Ropa\" >Ropa<\/a><\/li><li class='ez-toc-page-1 ez-toc-heading-level-2'><a class=\"ez-toc-link ez-toc-heading-4\" href=\"https:\/\/www.trabajoenzamora.com\/blog\/como-ir-a-una-entrevista-de-trabajo-en-verano\/#Maquillaje_y_peinado\" >Maquillaje y peinado<\/a><\/li><li class='ez-toc-page-1 ez-toc-heading-level-2'><a class=\"ez-toc-link ez-toc-heading-5\" href=\"https:\/\/www.trabajoenzamora.com\/blog\/como-ir-a-una-entrevista-de-trabajo-en-verano\/#Conducta\" >Conducta<\/a><\/li><li class='ez-toc-page-1 ez-toc-heading-level-2'><a class=\"ez-toc-link ez-toc-heading-6\" href=\"https:\/\/www.trabajoenzamora.com\/blog\/como-ir-a-una-entrevista-de-trabajo-en-verano\/#Conclusion\" >Conclusion<\/a><\/li><\/ul><\/nav><\/div>\n\n<p>Las entrevistas de trabajo pueden ser estresantes en cualquier momento del a\u00f1o, pero en verano hay algunas cosas que hay que tener en cuenta para asegurarse de que la entrevista salga bien. Esto se debe principalmente al calor y a la ropa que se lleva. Aqu\u00ed hay algunos consejos para ayudarlo a prepararse para una entrevista de trabajo en verano.<\/p>\n<h2><span class=\"ez-toc-section\" id=\"Preparacion\"><\/span>Preparaci\u00f3n<span class=\"ez-toc-section-end\"><\/span><\/h2>\n<p>Lo primero que hay que hacer es prepararse para la entrevista. Esto significa investigar la empresa y el puesto para el que se est\u00e1 aplicando. Tambi\u00e9n es importante tener en cuenta los valores de la empresa y c\u00f3mo encajan con los propios. Esto ayudar\u00e1 a preparar respuestas a preguntas como \u201c\u00bfPor qu\u00e9 quieres trabajar aqu\u00ed?\u201d.<\/p>\n<p>Tambi\u00e9n es importante preparar una lista de preguntas que se pueden hacer en la entrevista. Esto ayudar\u00e1 a que la entrevista sea una conversaci\u00f3n m\u00e1s que un interrogatorio. Puede ser \u00fatil preparar una lista de logros relevantes y ejemplos concretos para demostrar el trabajo que se ha hecho.<\/p>\n<h2><span class=\"ez-toc-section\" id=\"Ropa\"><\/span>Ropa<span class=\"ez-toc-section-end\"><\/span><\/h2>\n<p>Es importante vestirse adecuadamente para una entrevista de trabajo en verano. Esto significa vestirse de forma profesional, pero tambi\u00e9n de forma c\u00f3moda. Esto significa llevar ropa ligera que permita que la piel respire. Se recomienda llevar prendas de algod\u00f3n o lino en lugar de tejidos sint\u00e9ticos. Tambi\u00e9n es importante llevar algo para cubrirse si el aire acondicionado est\u00e1 demasiado fr\u00edo.<\/p>\n<p>Es importante evitar el uso de prendas ajustadas y los colores llamativos. Se recomienda llevar prendas de color neutro, como gris, negro, azul marino o blanco. Tambi\u00e9n es importante llevar zapatos c\u00f3modos, pero profesionales. Se recomiendan los zapatos de vestir, pero los zapatos de tac\u00f3n bajo tambi\u00e9n son aceptables.<\/p>\n<p><\/p>\n<div id='video-containerl-m4pLDq4Qg' style='width:100%; height:auto; max-width:587px; position: relative;' onclick='var iframe = document.createElement(\"iframe\"); iframe.src = \"https:\/\/www.youtube.com\/embed\/l-m4pLDq4Qg?autoplay=1\"; iframe.style.width = \"100%\"; iframe.style.maxWidth = \"800px\"; iframe.frameborder = 0; iframe.allowfullscreen = \"allowfullscreen\"; document.getElementById(\"video-containerl-m4pLDq4Qg\").innerHTML = \"\"; document.getElementById(\"video-containerl-m4pLDq4Qg\").appendChild(iframe);'>\n<div class='image-video-plugin' style='background:url(\"https:\/\/img.youtube.com\/vi\/l-m4pLDq4Qg\/0.jpg\") center no-repeat; background-size: cover;'><\/div>\n<p><span class='youtube-play-button'><\/span><noscript><a href='https:\/\/www.youtube.com\/watch?v=l-m4pLDq4Qg' target='_blank' rel=\"noopener\">Play on YouTube<\/a><\/noscript><\/div>\n<p><\/p>\n<h2><span class=\"ez-toc-section\" id=\"Maquillaje_y_peinado\"><\/span>Maquillaje y peinado<span class=\"ez-toc-section-end\"><\/span><\/h2>\n<p>Es importante tener un maquillaje y un peinado adecuados para una entrevista de trabajo en verano. El maquillaje debe ser ligero, para que no se vea demasiado llamativo. Se recomienda usar una base ligera, colorete, delineador de ojos y un labial discreto. Tambi\u00e9n es importante asegurarse de que el maquillaje no se derrita con el calor.<\/p>\n<p>El peinado tambi\u00e9n debe ser discreto. Se recomiendan los peinados sencillos, como una cola de caballo o una trenza. Se recomienda evitar los peinados demasiado complicados o con mucho volumen. Tambi\u00e9n es importante asegurarse de que el cabello est\u00e9 recogido y no est\u00e9 enredado.<\/p>\n<h2><span class=\"ez-toc-section\" id=\"Conducta\"><\/span>Conducta<span class=\"ez-toc-section-end\"><\/span><\/h2>\n<p>Es importante recordar que la entrevista es una oportunidad para mostrar tu mejor yo. Esto significa comportarse de forma profesional y mostrar respeto. Esto significa no interrumpir a la persona que realiza la entrevista, mostrar una actitud positiva y hacer preguntas relevantes.<\/p>\n<p>Tambi\u00e9n es importante mostrar una actitud de escucha. Esto significa prestar atenci\u00f3n a la persona que realiza la entrevista y responder a sus preguntas de forma clara y concisa. Tambi\u00e9n es importante no olvidar decir gracias al final de la entrevista.<\/p>\n<h2><span class=\"ez-toc-section\" id=\"Conclusion\"><\/span>Conclusion<span class=\"ez-toc-section-end\"><\/span><\/h2>\n<p>Ir a una entrevista de trabajo en verano puede ser una experiencia estresante, pero con la preparaci\u00f3n adecuada y la ropa y el comportamiento adecuados, es posible que la entrevista sea un \u00e9xito. Recordar estos consejos puede ayudar a que la entrevista de trabajo en verano sea una experiencia positiva.<\/p>\n<link rel='stylesheet' href='https:\/\/www.trabajoenzamora.com\/blog\/wp-content\/plugins\/aitomaticblog\/public\/css\/style-iyr.css' type='text\/css' media='all' \/>\n","protected":false},"excerpt":{"rendered":"<p>Introducci\u00f3n Las entrevistas de trabajo pueden ser estresantes en cualquier momento del a\u00f1o, pero en verano hay algunas cosas que hay que tener en cuenta [&hellip;]<\/p>\n","protected":false},"author":1,"featured_media":2717,"comment_status":"open","ping_status":"","sticky":false,"template":"","format":"standard","meta":{"_uag_custom_page_level_css":"","site-sidebar-layout":"default","site-content-layout":"","ast-site-content-layout":"default","site-content-style":"default","site-sidebar-style":"default","ast-global-header-display":"","ast-banner-title-visibility":"","ast-main-header-display":"","ast-hfb-above-header-display":"","ast-hfb-below-header-display":"","ast-hfb-mobile-header-display":"","site-post-title":"","ast-breadcrumbs-content":"","ast-featured-img":"","footer-sml-layout":"","ast-disable-related-posts":"","theme-transparent-header-meta":"","adv-header-id-meta":"","stick-header-meta":"","header-above-stick-meta":"","header-main-stick-meta":"","header-below-stick-meta":"","astra-migrate-meta-layouts":"default","ast-page-background-enabled":"default","ast-page-background-meta":{"desktop":{"background-color":"var(--ast-global-color-4)","background-image":"","background-repeat":"repeat","background-position":"center center","background-size":"auto","background-attachment":"scroll","background-type":"","background-media":"","overlay-type":"","overlay-color":"","overlay-opacity":"","overlay-gradient":""},"tablet":{"background-color":"","background-image":"","background-repeat":"repeat","background-position":"center center","background-size":"auto","background-attachment":"scroll","background-type":"","background-media":"","overlay-type":"","overlay-color":"","overlay-opacity":"","overlay-gradient":""},"mobile":{"background-color":"","background-image":"","background-repeat":"repeat","background-position":"center center","background-size":"auto","background-attachment":"scroll","background-type":"","background-media":"","overlay-type":"","overlay-color":"","overlay-opacity":"","overlay-gradient":""}},"ast-content-background-meta":{"desktop":{"background-color":"var(--ast-global-color-5)","background-image":"","background-repeat":"repeat","background-position":"center center","background-size":"auto","background-attachment":"scroll","background-type":"","background-media":"","overlay-type":"","overlay-color":"","overlay-opacity":"","overlay-gradient":""},"tablet":{"background-color":"var(--ast-global-color-5)","background-image":"","background-repeat":"repeat","background-position":"center center","background-size":"auto","background-attachment":"scroll","background-type":"","background-media":"","overlay-type":"","overlay-color":"","overlay-opacity":"","overlay-gradient":""},"mobile":{"background-color":"var(--ast-global-color-5)","background-image":"","background-repeat":"repeat","background-position":"center center","background-size":"auto","background-attachment":"scroll","background-type":"","background-media":"","overlay-type":"","overlay-color":"","overlay-opacity":"","overlay-gradient":""}},"footnotes":""},"categories":[295],"tags":[],"class_list":["post-2716","post","type-post","status-publish","format-standard","has-post-thumbnail","hentry","category-entrevistas-de-trabajo"],"uagb_featured_image_src":{"full":["https:\/\/www.trabajoenzamora.com\/blog\/wp-content\/uploads\/2023\/04\/Como-ir-a-una-entrevista-de-trabajo-en-verano.jpg",711,400,false],"thumbnail":["https:\/\/www.trabajoenzamora.com\/blog\/wp-content\/uploads\/2023\/04\/Como-ir-a-una-entrevista-de-trabajo-en-verano-150x150.jpg",150,150,true],"medium":["https:\/\/www.trabajoenzamora.com\/blog\/wp-content\/uploads\/2023\/04\/Como-ir-a-una-entrevista-de-trabajo-en-verano.jpg",300,169,false],"medium_large":["https:\/\/www.trabajoenzamora.com\/blog\/wp-content\/uploads\/2023\/04\/Como-ir-a-una-entrevista-de-trabajo-en-verano.jpg",711,400,false],"large":["https:\/\/www.trabajoenzamora.com\/blog\/wp-content\/uploads\/2023\/04\/Como-ir-a-una-entrevista-de-trabajo-en-verano.jpg",711,400,true],"1536x1536":["https:\/\/www.trabajoenzamora.com\/blog\/wp-content\/uploads\/2023\/04\/Como-ir-a-una-entrevista-de-trabajo-en-verano.jpg",711,400,false],"2048x2048":["https:\/\/www.trabajoenzamora.com\/blog\/wp-content\/uploads\/2023\/04\/Como-ir-a-una-entrevista-de-trabajo-en-verano.jpg",711,400,false]},"uagb_author_info":{"display_name":"xenonfactory","author_link":"https:\/\/www.trabajoenzamora.com\/blog\/author\/xenonfactory\/"},"uagb_comment_info":0,"uagb_excerpt":"Introducci\u00f3n Las entrevistas de trabajo pueden ser estresantes en cualquier momento del a\u00f1o, pero en verano hay algunas cosas que hay que tener en cuenta [&hellip;]","amp_enabled":true,"_links":{"self":[{"href":"https:\/\/www.trabajoenzamora.com\/blog\/wp-json\/wp\/v2\/posts\/2716","targetHints":{"allow":["GET"]}}],"collection":[{"href":"https:\/\/www.trabajoenzamora.com\/blog\/wp-json\/wp\/v2\/posts"}],"about":[{"href":"https:\/\/www.trabajoenzamora.com\/blog\/wp-json\/wp\/v2\/types\/post"}],"author":[{"embeddable":true,"href":"https:\/\/www.trabajoenzamora.com\/blog\/wp-json\/wp\/v2\/users\/1"}],"replies":[{"embeddable":true,"href":"https:\/\/www.trabajoenzamora.com\/blog\/wp-json\/wp\/v2\/comments?post=2716"}],"version-history":[{"count":0,"href":"https:\/\/www.trabajoenzamora.com\/blog\/wp-json\/wp\/v2\/posts\/2716\/revisions"}],"wp:featuredmedia":[{"embeddable":true,"href":"https:\/\/www.trabajoenzamora.com\/blog\/wp-json\/wp\/v2\/media\/2717"}],"wp:attachment":[{"href":"https:\/\/www.trabajoenzamora.com\/blog\/wp-json\/wp\/v2\/media?parent=2716"}],"wp:term":[{"taxonomy":"category","embeddable":true,"href":"https:\/\/www.trabajoenzamora.com\/blog\/wp-json\/wp\/v2\/categories?post=2716"},{"taxonomy":"post_tag","embeddable":true,"href":"https:\/\/www.trabajoenzamora.com\/blog\/wp-json\/wp\/v2\/tags?post=2716"}],"curies":[{"name":"wp","href":"https:\/\/api.w.org\/{rel}","templated":true}]}}