{"id":2684,"date":"2023-05-01T16:05:07","date_gmt":"2023-05-01T14:05:07","guid":{"rendered":"https:\/\/www.trabajoenzamora.com\/blog\/?p=2684"},"modified":"2023-05-01T16:05:07","modified_gmt":"2023-05-01T14:05:07","slug":"que-no-se-puede-decir-en-una-entrevista-de-trabajo","status":"publish","type":"post","link":"https:\/\/www.trabajoenzamora.com\/blog\/que-no-se-puede-decir-en-una-entrevista-de-trabajo\/","title":{"rendered":"7 cosas que no debes decir en una entrevista de trabajo: Consejos para destacar en tu pr\u00f3xima entrevista"},"content":{"rendered":"<h2><span class=\"ez-toc-section\" id=\"Entrevista_de_trabajo_Que_no_decir\"><\/span>Entrevista de trabajo: Qu\u00e9 no decir<span class=\"ez-toc-section-end\"><\/span><\/h2><div id=\"ez-toc-container\" class=\"ez-toc-v2_0_82_2 counter-hierarchy ez-toc-counter ez-toc-custom ez-toc-container-direction\">\n<p class=\"ez-toc-title\" style=\"cursor:inherit\">Contenidos<\/p>\n<label for=\"ez-toc-cssicon-toggle-item-69f553575f42b\" class=\"ez-toc-cssicon-toggle-label\"><span class=\"ez-toc-cssicon\"><span class=\"eztoc-hide\" style=\"display:none;\">Toggle<\/span><span class=\"ez-toc-icon-toggle-span\"><svg style=\"fill: #686868;color:#686868\" xmlns=\"http:\/\/www.w3.org\/2000\/svg\" class=\"list-377408\" width=\"20px\" height=\"20px\" viewBox=\"0 0 24 24\" fill=\"none\"><path d=\"M6 6H4v2h2V6zm14 0H8v2h12V6zM4 11h2v2H4v-2zm16 0H8v2h12v-2zM4 16h2v2H4v-2zm16 0H8v2h12v-2z\" fill=\"currentColor\"><\/path><\/svg><svg style=\"fill: #686868;color:#686868\" class=\"arrow-unsorted-368013\" xmlns=\"http:\/\/www.w3.org\/2000\/svg\" width=\"10px\" height=\"10px\" viewBox=\"0 0 24 24\" version=\"1.2\" baseProfile=\"tiny\"><path d=\"M18.2 9.3l-6.2-6.3-6.2 6.3c-.2.2-.3.4-.3.7s.1.5.3.7c.2.2.4.3.7.3h11c.3 0 .5-.1.7-.3.2-.2.3-.5.3-.7s-.1-.5-.3-.7zM5.8 14.7l6.2 6.3 6.2-6.3c.2-.2.3-.5.3-.7s-.1-.5-.3-.7c-.2-.2-.4-.3-.7-.3h-11c-.3 0-.5.1-.7.3-.2.2-.3.5-.3.7s.1.5.3.7z\"\/><\/svg><\/span><\/span><\/label><input type=\"checkbox\"  id=\"ez-toc-cssicon-toggle-item-69f553575f42b\"  aria-label=\"Alternar\" \/><nav><ul class='ez-toc-list ez-toc-list-level-1 ' ><li class='ez-toc-page-1 ez-toc-heading-level-2'><a class=\"ez-toc-link ez-toc-heading-1\" href=\"https:\/\/www.trabajoenzamora.com\/blog\/que-no-se-puede-decir-en-una-entrevista-de-trabajo\/#Entrevista_de_trabajo_Que_no_decir\" >Entrevista de trabajo: Qu\u00e9 no decir<\/a><\/li><li class='ez-toc-page-1 ez-toc-heading-level-2'><a class=\"ez-toc-link ez-toc-heading-2\" href=\"https:\/\/www.trabajoenzamora.com\/blog\/que-no-se-puede-decir-en-una-entrevista-de-trabajo\/#No_hables_mal_de_tus_antiguos_empleadores\" >No hables mal de tus antiguos empleadores<\/a><\/li><li class='ez-toc-page-1 ez-toc-heading-level-2'><a class=\"ez-toc-link ez-toc-heading-3\" href=\"https:\/\/www.trabajoenzamora.com\/blog\/que-no-se-puede-decir-en-una-entrevista-de-trabajo\/#No_exageres_tus_habilidades\" >No exageres tus habilidades<\/a><\/li><li class='ez-toc-page-1 ez-toc-heading-level-2'><a class=\"ez-toc-link ez-toc-heading-4\" href=\"https:\/\/www.trabajoenzamora.com\/blog\/que-no-se-puede-decir-en-una-entrevista-de-trabajo\/#No_menciones_temas_politicos_o_religiosos\" >No menciones temas pol\u00edticos o religiosos<\/a><\/li><li class='ez-toc-page-1 ez-toc-heading-level-2'><a class=\"ez-toc-link ez-toc-heading-5\" href=\"https:\/\/www.trabajoenzamora.com\/blog\/que-no-se-puede-decir-en-una-entrevista-de-trabajo\/#No_hables_sobre_el_salario\" >No hables sobre el salario<\/a><\/li><li class='ez-toc-page-1 ez-toc-heading-level-2'><a class=\"ez-toc-link ez-toc-heading-6\" href=\"https:\/\/www.trabajoenzamora.com\/blog\/que-no-se-puede-decir-en-una-entrevista-de-trabajo\/#No_te_quejes_de_tu_situacion_actual\" >No te quejes de tu situaci\u00f3n actual<\/a><\/li><li class='ez-toc-page-1 ez-toc-heading-level-2'><a class=\"ez-toc-link ez-toc-heading-7\" href=\"https:\/\/www.trabajoenzamora.com\/blog\/que-no-se-puede-decir-en-una-entrevista-de-trabajo\/#No_llegues_tarde\" >No llegues tarde<\/a><\/li><li class='ez-toc-page-1 ez-toc-heading-level-2'><a class=\"ez-toc-link ez-toc-heading-8\" href=\"https:\/\/www.trabajoenzamora.com\/blog\/que-no-se-puede-decir-en-una-entrevista-de-trabajo\/#No_preguntes_sobre_el_tiempo_de_contratacion\" >No preguntes sobre el tiempo de contrataci\u00f3n<\/a><\/li><li class='ez-toc-page-1 ez-toc-heading-level-2'><a class=\"ez-toc-link ez-toc-heading-9\" href=\"https:\/\/www.trabajoenzamora.com\/blog\/que-no-se-puede-decir-en-una-entrevista-de-trabajo\/#No_olvides_los_detalles\" >No olvides los detalles<\/a><\/li><li class='ez-toc-page-1 ez-toc-heading-level-2'><a class=\"ez-toc-link ez-toc-heading-10\" href=\"https:\/\/www.trabajoenzamora.com\/blog\/que-no-se-puede-decir-en-una-entrevista-de-trabajo\/#Conclusion\" >Conclusi\u00f3n<\/a><\/li><\/ul><\/nav><\/div>\n\n<p>Las entrevistas de trabajo son una de las partes m\u00e1s importantes del proceso de contrataci\u00f3n. Si bien es cierto que la entrevista es una oportunidad para que los candidatos se presenten y demuestren sus habilidades y experiencias profesionales, tambi\u00e9n es cierto que hay ciertas cosas que uno no debe decir durante una entrevista de trabajo.<\/p>\n<h2><span class=\"ez-toc-section\" id=\"No_hables_mal_de_tus_antiguos_empleadores\"><\/span>No hables mal de tus antiguos empleadores<span class=\"ez-toc-section-end\"><\/span><\/h2>\n<p>No es una buena idea hablar mal de tus antiguos empleadores o compa\u00f1eros de trabajo. Aunque es posible que hayas tenido una mala experiencia con tu antiguo trabajo, es mejor evitar hablar de ello en la entrevista. Esto puede dar una impresi\u00f3n negativa al entrevistador y no ayudar\u00e1 a tu candidatura.<\/p>\n<h2><span class=\"ez-toc-section\" id=\"No_exageres_tus_habilidades\"><\/span>No exageres tus habilidades<span class=\"ez-toc-section-end\"><\/span><\/h2>\n<p>No exageres tus habilidades, experiencias o logros. Si exageras, es muy probable que el entrevistador descubra la verdad durante el proceso de contrataci\u00f3n. Esto puede ser perjudicial para tu candidatura y puede ser motivo para que no te contraten.<\/p>\n<p><\/p>\n<div id='video-containerl-m4pLDq4Qg' style='width:100%; height:auto; max-width:587px; position: relative;' onclick='var iframe = document.createElement(\"iframe\"); iframe.src = \"https:\/\/www.youtube.com\/embed\/l-m4pLDq4Qg?autoplay=1\"; iframe.style.width = \"100%\"; iframe.style.maxWidth = \"800px\"; iframe.frameborder = 0; iframe.allowfullscreen = \"allowfullscreen\"; document.getElementById(\"video-containerl-m4pLDq4Qg\").innerHTML = \"\"; document.getElementById(\"video-containerl-m4pLDq4Qg\").appendChild(iframe);'>\n<div class='image-video-plugin' style='background:url(\"https:\/\/img.youtube.com\/vi\/l-m4pLDq4Qg\/0.jpg\") center no-repeat; background-size: cover;'><\/div>\n<p><span class='youtube-play-button'><\/span><noscript><a href='https:\/\/www.youtube.com\/watch?v=l-m4pLDq4Qg' target='_blank' rel=\"noopener\">Play on YouTube<\/a><\/noscript><\/div>\n<p><\/p>\n<h2><span class=\"ez-toc-section\" id=\"No_menciones_temas_politicos_o_religiosos\"><\/span>No menciones temas pol\u00edticos o religiosos<span class=\"ez-toc-section-end\"><\/span><\/h2>\n<p>No es una buena idea hablar de temas pol\u00edticos o religiosos durante la entrevista. Esto puede ser muy controvertido y puede ofender al entrevistador. Si el entrevistador pregunta algo sobre tus opiniones pol\u00edticas o religiosas, es mejor ser cauteloso con tus respuestas.<\/p>\n<h2><span class=\"ez-toc-section\" id=\"No_hables_sobre_el_salario\"><\/span>No hables sobre el salario<span class=\"ez-toc-section-end\"><\/span><\/h2>\n<p>No hables sobre el salario en la entrevista. Esto puede ser un tema delicado y el entrevistador puede pensar que solo est\u00e1s interesado en el dinero. Si el entrevistador pregunta sobre el salario, es mejor que esperes hasta que se hable de ello en el proceso de contrataci\u00f3n.<\/p>\n<h2><span class=\"ez-toc-section\" id=\"No_te_quejes_de_tu_situacion_actual\"><\/span>No te quejes de tu situaci\u00f3n actual<span class=\"ez-toc-section-end\"><\/span><\/h2>\n<p>No te quejes de tu situaci\u00f3n actual. Esto puede dar una impresi\u00f3n negativa al entrevistador y puede hacer que piense que no eres una persona positiva. En lugar de quejarse, es mejor hablar sobre los objetivos que tienes para tu futuro profesional.<\/p>\n<h2><span class=\"ez-toc-section\" id=\"No_llegues_tarde\"><\/span>No llegues tarde<span class=\"ez-toc-section-end\"><\/span><\/h2>\n<p>No llegues tarde a la entrevista. Esto puede ser una se\u00f1al de falta de respeto hacia el entrevistador y puede hacer que piense que no eres una persona responsable. Intenta llegar al menos 10 minutos antes de la hora de la entrevista para demostrar tu inter\u00e9s por el puesto.<\/p>\n<h2><span class=\"ez-toc-section\" id=\"No_preguntes_sobre_el_tiempo_de_contratacion\"><\/span>No preguntes sobre el tiempo de contrataci\u00f3n<span class=\"ez-toc-section-end\"><\/span><\/h2>\n<p>No preguntes sobre el tiempo de contrataci\u00f3n durante la entrevista. Esto puede ser una se\u00f1al de que solo est\u00e1s interesado en el dinero y no en el puesto. Si el entrevistador te pregunta sobre el tiempo de contrataci\u00f3n, es mejor que esperes hasta que se hable de ello en el proceso de contrataci\u00f3n.<\/p>\n<h2><span class=\"ez-toc-section\" id=\"No_olvides_los_detalles\"><\/span>No olvides los detalles<span class=\"ez-toc-section-end\"><\/span><\/h2>\n<p>No olvides los detalles. Si no est\u00e1s seguro de algo, es mejor que preguntes al entrevistador. Esto puede demostrar que est\u00e1s interesado en el puesto y que est\u00e1s preparado para responder preguntas sobre el trabajo.<\/p>\n<h2><span class=\"ez-toc-section\" id=\"Conclusion\"><\/span>Conclusi\u00f3n<span class=\"ez-toc-section-end\"><\/span><\/h2>\n<p>En conclusi\u00f3n, hay ciertas cosas que no se deben decir durante una entrevista de trabajo. No hables mal de tus antiguos empleadores, no exageres tus habilidades, no menciones temas pol\u00edticos o religiosos, no hables sobre el salario, no te quejes de tu situaci\u00f3n actual, no llegues tarde, no preguntes sobre el tiempo de contrataci\u00f3n y no olvides los detalles. Si sigues estos consejos, estar\u00e1s mejor preparado para una entrevista exitosa.<link rel='stylesheet' href='https:\/\/www.trabajoenzamora.com\/blog\/wp-content\/plugins\/aitomaticblog\/public\/css\/style-iyr.css' type='text\/css' media='all' \/>\n","protected":false},"excerpt":{"rendered":"<p>Entrevista de trabajo: Qu\u00e9 no decir Las entrevistas de trabajo son una de las partes m\u00e1s importantes del proceso de contrataci\u00f3n. Si bien es cierto [&hellip;]<\/p>\n","protected":false},"author":1,"featured_media":2685,"comment_status":"open","ping_status":"","sticky":false,"template":"","format":"standard","meta":{"_uag_custom_page_level_css":"","site-sidebar-layout":"default","site-content-layout":"","ast-site-content-layout":"default","site-content-style":"default","site-sidebar-style":"default","ast-global-header-display":"","ast-banner-title-visibility":"","ast-main-header-display":"","ast-hfb-above-header-display":"","ast-hfb-below-header-display":"","ast-hfb-mobile-header-display":"","site-post-title":"","ast-breadcrumbs-content":"","ast-featured-img":"","footer-sml-layout":"","ast-disable-related-posts":"","theme-transparent-header-meta":"","adv-header-id-meta":"","stick-header-meta":"","header-above-stick-meta":"","header-main-stick-meta":"","header-below-stick-meta":"","astra-migrate-meta-layouts":"default","ast-page-background-enabled":"default","ast-page-background-meta":{"desktop":{"background-color":"var(--ast-global-color-4)","background-image":"","background-repeat":"repeat","background-position":"center center","background-size":"auto","background-attachment":"scroll","background-type":"","background-media":"","overlay-type":"","overlay-color":"","overlay-opacity":"","overlay-gradient":""},"tablet":{"background-color":"","background-image":"","background-repeat":"repeat","background-position":"center center","background-size":"auto","background-attachment":"scroll","background-type":"","background-media":"","overlay-type":"","overlay-color":"","overlay-opacity":"","overlay-gradient":""},"mobile":{"background-color":"","background-image":"","background-repeat":"repeat","background-position":"center center","background-size":"auto","background-attachment":"scroll","background-type":"","background-media":"","overlay-type":"","overlay-color":"","overlay-opacity":"","overlay-gradient":""}},"ast-content-background-meta":{"desktop":{"background-color":"var(--ast-global-color-5)","background-image":"","background-repeat":"repeat","background-position":"center center","background-size":"auto","background-attachment":"scroll","background-type":"","background-media":"","overlay-type":"","overlay-color":"","overlay-opacity":"","overlay-gradient":""},"tablet":{"background-color":"var(--ast-global-color-5)","background-image":"","background-repeat":"repeat","background-position":"center center","background-size":"auto","background-attachment":"scroll","background-type":"","background-media":"","overlay-type":"","overlay-color":"","overlay-opacity":"","overlay-gradient":""},"mobile":{"background-color":"var(--ast-global-color-5)","background-image":"","background-repeat":"repeat","background-position":"center center","background-size":"auto","background-attachment":"scroll","background-type":"","background-media":"","overlay-type":"","overlay-color":"","overlay-opacity":"","overlay-gradient":""}},"footnotes":""},"categories":[295],"tags":[],"class_list":["post-2684","post","type-post","status-publish","format-standard","has-post-thumbnail","hentry","category-entrevistas-de-trabajo"],"uagb_featured_image_src":{"full":["https:\/\/www.trabajoenzamora.com\/blog\/wp-content\/uploads\/2023\/04\/Que-no-se-puede-decir-en-una-entrevista-de-trabajo.jpg",711,400,false],"thumbnail":["https:\/\/www.trabajoenzamora.com\/blog\/wp-content\/uploads\/2023\/04\/Que-no-se-puede-decir-en-una-entrevista-de-trabajo-150x150.jpg",150,150,true],"medium":["https:\/\/www.trabajoenzamora.com\/blog\/wp-content\/uploads\/2023\/04\/Que-no-se-puede-decir-en-una-entrevista-de-trabajo.jpg",300,169,false],"medium_large":["https:\/\/www.trabajoenzamora.com\/blog\/wp-content\/uploads\/2023\/04\/Que-no-se-puede-decir-en-una-entrevista-de-trabajo.jpg",711,400,false],"large":["https:\/\/www.trabajoenzamora.com\/blog\/wp-content\/uploads\/2023\/04\/Que-no-se-puede-decir-en-una-entrevista-de-trabajo.jpg",711,400,true],"1536x1536":["https:\/\/www.trabajoenzamora.com\/blog\/wp-content\/uploads\/2023\/04\/Que-no-se-puede-decir-en-una-entrevista-de-trabajo.jpg",711,400,false],"2048x2048":["https:\/\/www.trabajoenzamora.com\/blog\/wp-content\/uploads\/2023\/04\/Que-no-se-puede-decir-en-una-entrevista-de-trabajo.jpg",711,400,false]},"uagb_author_info":{"display_name":"xenonfactory","author_link":"https:\/\/www.trabajoenzamora.com\/blog\/author\/xenonfactory\/"},"uagb_comment_info":0,"uagb_excerpt":"Entrevista de trabajo: Qu\u00e9 no decir Las entrevistas de trabajo son una de las partes m\u00e1s importantes del proceso de contrataci\u00f3n. Si bien es cierto [&hellip;]","amp_enabled":true,"_links":{"self":[{"href":"https:\/\/www.trabajoenzamora.com\/blog\/wp-json\/wp\/v2\/posts\/2684","targetHints":{"allow":["GET"]}}],"collection":[{"href":"https:\/\/www.trabajoenzamora.com\/blog\/wp-json\/wp\/v2\/posts"}],"about":[{"href":"https:\/\/www.trabajoenzamora.com\/blog\/wp-json\/wp\/v2\/types\/post"}],"author":[{"embeddable":true,"href":"https:\/\/www.trabajoenzamora.com\/blog\/wp-json\/wp\/v2\/users\/1"}],"replies":[{"embeddable":true,"href":"https:\/\/www.trabajoenzamora.com\/blog\/wp-json\/wp\/v2\/comments?post=2684"}],"version-history":[{"count":0,"href":"https:\/\/www.trabajoenzamora.com\/blog\/wp-json\/wp\/v2\/posts\/2684\/revisions"}],"wp:featuredmedia":[{"embeddable":true,"href":"https:\/\/www.trabajoenzamora.com\/blog\/wp-json\/wp\/v2\/media\/2685"}],"wp:attachment":[{"href":"https:\/\/www.trabajoenzamora.com\/blog\/wp-json\/wp\/v2\/media?parent=2684"}],"wp:term":[{"taxonomy":"category","embeddable":true,"href":"https:\/\/www.trabajoenzamora.com\/blog\/wp-json\/wp\/v2\/categories?post=2684"},{"taxonomy":"post_tag","embeddable":true,"href":"https:\/\/www.trabajoenzamora.com\/blog\/wp-json\/wp\/v2\/tags?post=2684"}],"curies":[{"name":"wp","href":"https:\/\/api.w.org\/{rel}","templated":true}]}}