{"id":2660,"date":"2023-05-01T04:05:03","date_gmt":"2023-05-01T02:05:03","guid":{"rendered":"https:\/\/www.trabajoenzamora.com\/blog\/?p=2660"},"modified":"2023-05-01T04:05:03","modified_gmt":"2023-05-01T02:05:03","slug":"adjetivos-para-una-entrevista-de-trabajo","status":"publish","type":"post","link":"https:\/\/www.trabajoenzamora.com\/blog\/adjetivos-para-una-entrevista-de-trabajo\/","title":{"rendered":"Consejos \u00datiles: 10 Adjetivos Clave para una Entrevista de Trabajo Exitosa"},"content":{"rendered":"<p>Una entrevista de trabajo es un momento clave para presentarse a un empleador potencial y explicar por qu\u00e9 se es el candidato perfecto para el puesto. Por lo tanto, es importante estar preparado con un discurso que destaque tus cualidades profesionales. Utilizar <strong>adjetivos<\/strong> adecuados es una excelente forma de <strong>resaltar tus mejores cualidades<\/strong> y proyectar una imagen profesional. A continuaci\u00f3n, se presentan algunos adjetivos que pueden ser \u00fatiles para una entrevista de trabajo.\n<\/p>\n<h2><span class=\"ez-toc-section\" id=\"Adjetivos_relacionados_con_el_trabajo_en_equipo\"><\/span>Adjetivos relacionados con el trabajo en equipo<span class=\"ez-toc-section-end\"><\/span><\/h2><div id=\"ez-toc-container\" class=\"ez-toc-v2_0_82_2 counter-hierarchy ez-toc-counter ez-toc-custom ez-toc-container-direction\">\n<p class=\"ez-toc-title\" style=\"cursor:inherit\">Contenidos<\/p>\n<label for=\"ez-toc-cssicon-toggle-item-69f53f7642d3d\" class=\"ez-toc-cssicon-toggle-label\"><span class=\"ez-toc-cssicon\"><span class=\"eztoc-hide\" style=\"display:none;\">Toggle<\/span><span class=\"ez-toc-icon-toggle-span\"><svg style=\"fill: #686868;color:#686868\" xmlns=\"http:\/\/www.w3.org\/2000\/svg\" class=\"list-377408\" width=\"20px\" height=\"20px\" viewBox=\"0 0 24 24\" fill=\"none\"><path d=\"M6 6H4v2h2V6zm14 0H8v2h12V6zM4 11h2v2H4v-2zm16 0H8v2h12v-2zM4 16h2v2H4v-2zm16 0H8v2h12v-2z\" fill=\"currentColor\"><\/path><\/svg><svg style=\"fill: #686868;color:#686868\" class=\"arrow-unsorted-368013\" xmlns=\"http:\/\/www.w3.org\/2000\/svg\" width=\"10px\" height=\"10px\" viewBox=\"0 0 24 24\" version=\"1.2\" baseProfile=\"tiny\"><path d=\"M18.2 9.3l-6.2-6.3-6.2 6.3c-.2.2-.3.4-.3.7s.1.5.3.7c.2.2.4.3.7.3h11c.3 0 .5-.1.7-.3.2-.2.3-.5.3-.7s-.1-.5-.3-.7zM5.8 14.7l6.2 6.3 6.2-6.3c.2-.2.3-.5.3-.7s-.1-.5-.3-.7c-.2-.2-.4-.3-.7-.3h-11c-.3 0-.5.1-.7.3-.2.2-.3.5-.3.7s.1.5.3.7z\"\/><\/svg><\/span><\/span><\/label><input type=\"checkbox\"  id=\"ez-toc-cssicon-toggle-item-69f53f7642d3d\"  aria-label=\"Alternar\" \/><nav><ul class='ez-toc-list ez-toc-list-level-1 ' ><li class='ez-toc-page-1 ez-toc-heading-level-2'><a class=\"ez-toc-link ez-toc-heading-1\" href=\"https:\/\/www.trabajoenzamora.com\/blog\/adjetivos-para-una-entrevista-de-trabajo\/#Adjetivos_relacionados_con_el_trabajo_en_equipo\" >Adjetivos relacionados con el trabajo en equipo<\/a><\/li><li class='ez-toc-page-1 ez-toc-heading-level-2'><a class=\"ez-toc-link ez-toc-heading-2\" href=\"https:\/\/www.trabajoenzamora.com\/blog\/adjetivos-para-una-entrevista-de-trabajo\/#Adjetivos_relacionados_con_el_liderazgo\" >Adjetivos relacionados con el liderazgo<\/a><\/li><li class='ez-toc-page-1 ez-toc-heading-level-2'><a class=\"ez-toc-link ez-toc-heading-3\" href=\"https:\/\/www.trabajoenzamora.com\/blog\/adjetivos-para-una-entrevista-de-trabajo\/#Adjetivos_relacionados_con_la_creatividad\" >Adjetivos relacionados con la creatividad<\/a><\/li><li class='ez-toc-page-1 ez-toc-heading-level-2'><a class=\"ez-toc-link ez-toc-heading-4\" href=\"https:\/\/www.trabajoenzamora.com\/blog\/adjetivos-para-una-entrevista-de-trabajo\/#Adjetivos_relacionados_con_el_trabajo_con_datos\" >Adjetivos relacionados con el trabajo con datos<\/a><\/li><li class='ez-toc-page-1 ez-toc-heading-level-2'><a class=\"ez-toc-link ez-toc-heading-5\" href=\"https:\/\/www.trabajoenzamora.com\/blog\/adjetivos-para-una-entrevista-de-trabajo\/#Adjetivos_relacionados_con_la_comunicacion\" >Adjetivos relacionados con la comunicaci\u00f3n<\/a><\/li><li class='ez-toc-page-1 ez-toc-heading-level-2'><a class=\"ez-toc-link ez-toc-heading-6\" href=\"https:\/\/www.trabajoenzamora.com\/blog\/adjetivos-para-una-entrevista-de-trabajo\/#Adjetivos_relacionados_con_la_tecnologia\" >Adjetivos relacionados con la tecnolog\u00eda<\/a><\/li><\/ul><\/nav><\/div>\n\n<p>\nCuando se trata de trabajo en equipo, los adjetivos pueden ayudar a describir c\u00f3mo uno interact\u00faa con los dem\u00e1s. Por ejemplo, un candidato puede decir que es:\n<\/p>\n<ul>\n<li>Colaborativo<\/li>\n<li>Comprometido<\/li>\n<li>Flexible<\/li>\n<li>Capaz de llevar a cabo proyectos de forma exitosa con otros<\/li>\n<li>Capaz de trabajar bien bajo presi\u00f3n<\/li>\n<li>Capaz de crear un ambiente de trabajo agradable<\/li>\n<\/ul>\n<h2><span class=\"ez-toc-section\" id=\"Adjetivos_relacionados_con_el_liderazgo\"><\/span>Adjetivos relacionados con el liderazgo<span class=\"ez-toc-section-end\"><\/span><\/h2>\n<p>\nSi un candidato tiene experiencia en liderazgo, puede destacar estas cualidades durante la entrevista de trabajo. Por ejemplo, un candidato puede decir que es:\n<\/p>\n<ul>\n<li>Un buen l\u00edder<\/li>\n<li>Una persona motivadora<\/li>\n<li>Un buen delegador<\/li>\n<li>Un mentor eficaz<\/li>\n<li>Un buen orador<\/li>\n<li>Un tomador de decisiones eficaz<\/li>\n<\/ul>\n<h2><span class=\"ez-toc-section\" id=\"Adjetivos_relacionados_con_la_creatividad\"><\/span>Adjetivos relacionados con la creatividad<span class=\"ez-toc-section-end\"><\/span><\/h2>\n<p>\nLos adjetivos tambi\u00e9n pueden ayudar a describir c\u00f3mo uno es creativo. Por ejemplo, un candidato puede decir que es:\n<\/p>\n<ul>\n<li>Innovador<\/li>\n<li>Original<\/li>\n<li>Un pensador fuera de la caja<\/li>\n<li>Capaz de aportar nuevas ideas<\/li>\n<li>Capaz de abordar problemas de forma creativa<\/li>\n<li>Un resolutor de problemas creativo<\/li>\n<\/ul>\n<h2><span class=\"ez-toc-section\" id=\"Adjetivos_relacionados_con_el_trabajo_con_datos\"><\/span>Adjetivos relacionados con el trabajo con datos<span class=\"ez-toc-section-end\"><\/span><\/h2>\n<p>\nSi un candidato tiene experiencia en trabajar con datos, puede destacar estas cualidades durante la entrevista de trabajo. Por ejemplo, un candidato puede decir que es:\n<\/p>\n<ul>\n<li>Experto en an\u00e1lisis de datos<\/li>\n<li>Capaz de hacer inferencias de datos<\/li>\n<li>Un buen comunicador de datos<\/li>\n<li>Un experto en visualizaci\u00f3n de datos<\/li>\n<li>Un experto en recopilaci\u00f3n de datos<\/li>\n<li>Un experto en la gesti\u00f3n de datos<\/li>\n<\/ul>\n<h2><span class=\"ez-toc-section\" id=\"Adjetivos_relacionados_con_la_comunicacion\"><\/span>Adjetivos relacionados con la comunicaci\u00f3n<span class=\"ez-toc-section-end\"><\/span><\/h2>\n<p>\nTener habilidades de comunicaci\u00f3n es importante para cualquier trabajo. Por ejemplo, un candidato puede decir que es:\n<\/p>\n<ul>\n<li>Un buen escritor<\/li>\n<li>Un buen orador<\/li>\n<li>Un buen comunicador<\/li>\n<li>Capaz de transmitir ideas de forma clara y concisa<\/li>\n<li>Un buen oyente<\/li>\n<li>Capaz de establecer relaciones interpersonales<\/li>\n<\/ul>\n<p><\/p>\n<div id='video-containereCuDjWmHyd8' style='width:100%; height:auto; max-width:587px; position: relative;' onclick='var iframe = document.createElement(\"iframe\"); iframe.src = \"https:\/\/www.youtube.com\/embed\/eCuDjWmHyd8?autoplay=1\"; iframe.style.width = \"100%\"; iframe.style.maxWidth = \"800px\"; iframe.frameborder = 0; iframe.allowfullscreen = \"allowfullscreen\"; document.getElementById(\"video-containereCuDjWmHyd8\").innerHTML = \"\"; document.getElementById(\"video-containereCuDjWmHyd8\").appendChild(iframe);'>\n<div class='image-video-plugin' style='background:url(\"https:\/\/img.youtube.com\/vi\/eCuDjWmHyd8\/0.jpg\") center no-repeat; background-size: cover;'><\/div>\n<p><span class='youtube-play-button'><\/span><noscript><a href='https:\/\/www.youtube.com\/watch?v=eCuDjWmHyd8' target='_blank' rel=\"noopener\">Play on YouTube<\/a><\/noscript><\/div>\n<p><\/p>\n<h2><span class=\"ez-toc-section\" id=\"Adjetivos_relacionados_con_la_tecnologia\"><\/span>Adjetivos relacionados con la tecnolog\u00eda<span class=\"ez-toc-section-end\"><\/span><\/h2>\n<p>\nLos adjetivos tambi\u00e9n pueden ayudar a describir c\u00f3mo uno maneja la tecnolog\u00eda. Por ejemplo, un candidato puede decir que es:\n<\/p>\n<ul>\n<li>Un experto en tecnolog\u00eda<\/li>\n<li>Un experto en software<\/li>\n<li>Un experto en programaci\u00f3n<\/li>\n<li>Un experto en bases de datos<\/li>\n<li>Un experto en redes<\/li>\n<li>Un experto en la web<\/li>\n<\/ul>\n<p>\nEn una entrevista de trabajo, los adjetivos pueden ayudar a un candidato a destacar sus mejores cualidades. Estos adjetivos tambi\u00e9n pueden ayudar a un candidato a demostrar que es el candidato perfecto para el puesto.\n<\/p>\n<link rel='stylesheet' href='https:\/\/www.trabajoenzamora.com\/blog\/wp-content\/plugins\/aitomaticblog\/public\/css\/style-iyr.css' type='text\/css' media='all' \/>\n","protected":false},"excerpt":{"rendered":"<p>Una entrevista de trabajo es un momento clave para presentarse a un empleador potencial y explicar por qu\u00e9 se es el candidato perfecto para el [&hellip;]<\/p>\n","protected":false},"author":1,"featured_media":2661,"comment_status":"open","ping_status":"","sticky":false,"template":"","format":"standard","meta":{"_uag_custom_page_level_css":"","site-sidebar-layout":"default","site-content-layout":"","ast-site-content-layout":"default","site-content-style":"default","site-sidebar-style":"default","ast-global-header-display":"","ast-banner-title-visibility":"","ast-main-header-display":"","ast-hfb-above-header-display":"","ast-hfb-below-header-display":"","ast-hfb-mobile-header-display":"","site-post-title":"","ast-breadcrumbs-content":"","ast-featured-img":"","footer-sml-layout":"","ast-disable-related-posts":"","theme-transparent-header-meta":"","adv-header-id-meta":"","stick-header-meta":"","header-above-stick-meta":"","header-main-stick-meta":"","header-below-stick-meta":"","astra-migrate-meta-layouts":"default","ast-page-background-enabled":"default","ast-page-background-meta":{"desktop":{"background-color":"var(--ast-global-color-4)","background-image":"","background-repeat":"repeat","background-position":"center center","background-size":"auto","background-attachment":"scroll","background-type":"","background-media":"","overlay-type":"","overlay-color":"","overlay-opacity":"","overlay-gradient":""},"tablet":{"background-color":"","background-image":"","background-repeat":"repeat","background-position":"center center","background-size":"auto","background-attachment":"scroll","background-type":"","background-media":"","overlay-type":"","overlay-color":"","overlay-opacity":"","overlay-gradient":""},"mobile":{"background-color":"","background-image":"","background-repeat":"repeat","background-position":"center center","background-size":"auto","background-attachment":"scroll","background-type":"","background-media":"","overlay-type":"","overlay-color":"","overlay-opacity":"","overlay-gradient":""}},"ast-content-background-meta":{"desktop":{"background-color":"var(--ast-global-color-5)","background-image":"","background-repeat":"repeat","background-position":"center center","background-size":"auto","background-attachment":"scroll","background-type":"","background-media":"","overlay-type":"","overlay-color":"","overlay-opacity":"","overlay-gradient":""},"tablet":{"background-color":"var(--ast-global-color-5)","background-image":"","background-repeat":"repeat","background-position":"center center","background-size":"auto","background-attachment":"scroll","background-type":"","background-media":"","overlay-type":"","overlay-color":"","overlay-opacity":"","overlay-gradient":""},"mobile":{"background-color":"var(--ast-global-color-5)","background-image":"","background-repeat":"repeat","background-position":"center center","background-size":"auto","background-attachment":"scroll","background-type":"","background-media":"","overlay-type":"","overlay-color":"","overlay-opacity":"","overlay-gradient":""}},"footnotes":""},"categories":[295],"tags":[],"class_list":["post-2660","post","type-post","status-publish","format-standard","has-post-thumbnail","hentry","category-entrevistas-de-trabajo"],"uagb_featured_image_src":{"full":["https:\/\/www.trabajoenzamora.com\/blog\/wp-content\/uploads\/2023\/04\/Adjetivos-para-una-entrevista-de-trabajo.jpg",711,400,false],"thumbnail":["https:\/\/www.trabajoenzamora.com\/blog\/wp-content\/uploads\/2023\/04\/Adjetivos-para-una-entrevista-de-trabajo-150x150.jpg",150,150,true],"medium":["https:\/\/www.trabajoenzamora.com\/blog\/wp-content\/uploads\/2023\/04\/Adjetivos-para-una-entrevista-de-trabajo.jpg",300,169,false],"medium_large":["https:\/\/www.trabajoenzamora.com\/blog\/wp-content\/uploads\/2023\/04\/Adjetivos-para-una-entrevista-de-trabajo.jpg",711,400,false],"large":["https:\/\/www.trabajoenzamora.com\/blog\/wp-content\/uploads\/2023\/04\/Adjetivos-para-una-entrevista-de-trabajo.jpg",711,400,true],"1536x1536":["https:\/\/www.trabajoenzamora.com\/blog\/wp-content\/uploads\/2023\/04\/Adjetivos-para-una-entrevista-de-trabajo.jpg",711,400,false],"2048x2048":["https:\/\/www.trabajoenzamora.com\/blog\/wp-content\/uploads\/2023\/04\/Adjetivos-para-una-entrevista-de-trabajo.jpg",711,400,false]},"uagb_author_info":{"display_name":"xenonfactory","author_link":"https:\/\/www.trabajoenzamora.com\/blog\/author\/xenonfactory\/"},"uagb_comment_info":0,"uagb_excerpt":"Una entrevista de trabajo es un momento clave para presentarse a un empleador potencial y explicar por qu\u00e9 se es el candidato perfecto para el [&hellip;]","amp_enabled":true,"_links":{"self":[{"href":"https:\/\/www.trabajoenzamora.com\/blog\/wp-json\/wp\/v2\/posts\/2660","targetHints":{"allow":["GET"]}}],"collection":[{"href":"https:\/\/www.trabajoenzamora.com\/blog\/wp-json\/wp\/v2\/posts"}],"about":[{"href":"https:\/\/www.trabajoenzamora.com\/blog\/wp-json\/wp\/v2\/types\/post"}],"author":[{"embeddable":true,"href":"https:\/\/www.trabajoenzamora.com\/blog\/wp-json\/wp\/v2\/users\/1"}],"replies":[{"embeddable":true,"href":"https:\/\/www.trabajoenzamora.com\/blog\/wp-json\/wp\/v2\/comments?post=2660"}],"version-history":[{"count":0,"href":"https:\/\/www.trabajoenzamora.com\/blog\/wp-json\/wp\/v2\/posts\/2660\/revisions"}],"wp:featuredmedia":[{"embeddable":true,"href":"https:\/\/www.trabajoenzamora.com\/blog\/wp-json\/wp\/v2\/media\/2661"}],"wp:attachment":[{"href":"https:\/\/www.trabajoenzamora.com\/blog\/wp-json\/wp\/v2\/media?parent=2660"}],"wp:term":[{"taxonomy":"category","embeddable":true,"href":"https:\/\/www.trabajoenzamora.com\/blog\/wp-json\/wp\/v2\/categories?post=2660"},{"taxonomy":"post_tag","embeddable":true,"href":"https:\/\/www.trabajoenzamora.com\/blog\/wp-json\/wp\/v2\/tags?post=2660"}],"curies":[{"name":"wp","href":"https:\/\/api.w.org\/{rel}","templated":true}]}}