{"id":2522,"date":"2023-04-26T10:05:08","date_gmt":"2023-04-26T08:05:08","guid":{"rendered":"https:\/\/www.trabajoenzamora.com\/blog\/?p=2522"},"modified":"2023-04-26T10:05:08","modified_gmt":"2023-04-26T08:05:08","slug":"peinado-para-una-entrevista-de-trabajo","status":"publish","type":"post","link":"https:\/\/www.trabajoenzamora.com\/blog\/peinado-para-una-entrevista-de-trabajo\/","title":{"rendered":"Consejos y Tips para un Peinado Efectivo para una Entrevista de Trabajo: \u00a1Aprovecha estas Ideas!"},"content":{"rendered":"<p><strong>Peinado para una entrevista de trabajo:<\/strong> La presentaci\u00f3n es fundamental para impresionar a los reclutadores. Por ello, el peinado es un elemento clave para dar la mejor imagen. Una entrevista de trabajo es un momento muy importante, por lo que es necesario elegir un peinado adecuado para el lugar, la situaci\u00f3n y la cultura de la empresa a la que se aspira a trabajar. A continuaci\u00f3n, se detallan algunos consejos para ayudar a los candidatos a acertar con el peinado adecuado.<\/p>\n<h2>Consejos para elegir el peinado correcto para una entrevista<\/h2>\n<ul>\n<li><strong>Evita los colores muy llamativos:<\/strong> Si decides te\u00f1irte el cabello, elige un tono sutil, ya que los colores muy llamativos pueden distraer la atenci\u00f3n del reclutador de tus habilidades y experiencia.<\/li>\n<li><strong>Cabello largo:<\/strong> Si tienes el cabello largo, lo mejor es recogerlo con una coleta baja o una trenza. No se recomienda llevar el cabello suelto en la entrevista, ya que puede distraer a la persona que te entrevista.<\/li>\n<li><strong>Cabello corto:<\/strong> Si tienes el cabello corto, lo mejor es llevarlo peinado hacia atr\u00e1s. Si se lleva con flequillo, aseg\u00farate de que est\u00e9 bien peinado.<\/li>\n<\/ul>\n<p><\/p>\n<div id='video-containerI8PE0Z-sAeI' style='width:100%; height:auto; max-width:587px; position: relative;' onclick='var iframe = document.createElement(\"iframe\"); iframe.src = \"https:\/\/www.youtube.com\/embed\/I8PE0Z-sAeI?autoplay=1\"; iframe.style.width = \"100%\"; iframe.style.maxWidth = \"800px\"; iframe.frameborder = 0; iframe.allowfullscreen = \"allowfullscreen\"; document.getElementById(\"video-containerI8PE0Z-sAeI\").innerHTML = \"\"; document.getElementById(\"video-containerI8PE0Z-sAeI\").appendChild(iframe);'>\n<div class='image-video-plugin' style='background:url(\"https:\/\/img.youtube.com\/vi\/I8PE0Z-sAeI\/0.jpg\") center no-repeat; background-size: cover;'><\/div>\n<p><span class='youtube-play-button'><\/span><noscript><a href='https:\/\/www.youtube.com\/watch?v=I8PE0Z-sAeI' target='_blank' rel=\"noopener\">Play on YouTube<\/a><\/noscript><\/div>\n<p><\/p>\n<h2>Otros consejos importantes<\/h2>\n<ul>\n<li><strong>Cuidado con los productos para el cabello:<\/strong> Evita los productos para el cabello con fragancia muy fuerte. Adem\u00e1s, aseg\u00farate de que no queden restos de gel o cera en tu cabello.<\/li>\n<li><strong>No arriesgues:<\/strong> Es mejor llevar un peinado sencillo y discreto para no arriesgar. El peinado ideal para una entrevista de trabajo es aquel que no distrae la atenci\u00f3n de la entrevista.<\/li>\n<li><strong>Toma en cuenta la cultura de la empresa:<\/strong> No todos los lugares de trabajo aceptan el mismo tipo de peinado. Si la empresa a la que aspiras a trabajar es muy formal, opta por un peinado m\u00e1s discreto.<\/li>\n<\/ul>\n<h2>Consejos adicionales para tener una buena presentaci\u00f3n<\/h2>\n<ul>\n<li><strong>V\u00edstete apropiadamente:<\/strong> Elije un atuendo adecuado para la entrevista. Si no est\u00e1s seguro de qu\u00e9 ponerte, opta por un traje oscuro. Adem\u00e1s, aseg\u00farate de que la ropa est\u00e9 limpia y planchada.<\/li>\n<li><strong>Una sonrisa siempre ayuda:<\/strong> Sonr\u00ede cuando entres a la entrevista. Esto ayuda a generar una buena impresi\u00f3n.<\/li>\n<li><strong>Prepara tu curr\u00edculum:<\/strong> Aseg\u00farate de que tu curr\u00edculum est\u00e9 bien preparado. Tienes que asegurarte de que todos los datos est\u00e9n actualizados y que est\u00e9n bien presentados.<\/li>\n<\/ul>\n<p>En conclusi\u00f3n, una entrevista de trabajo es un momento muy importante, por lo que es necesario elegir un peinado adecuado para el lugar, la situaci\u00f3n y la cultura de la empresa a la que se aspira a trabajar. Se recomienda llevar un peinado discreto, sin colores muy llamativos ni productos para el cabello con fragancia muy fuerte. Adem\u00e1s, es importante tomar en cuenta la cultura de la empresa a la que se aspira a trabajar. Una vez que hayas elegido el peinado correcto, no olvides vestirte apropiadamente, sonre\u00edr y llevar tu curr\u00edculum bien preparado.<\/p>\n<link rel='stylesheet' href='https:\/\/www.trabajoenzamora.com\/blog\/wp-content\/plugins\/aitomaticblog\/public\/css\/style-iyr.css' type='text\/css' media='all' \/>\n","protected":false},"excerpt":{"rendered":"<p>Peinado para una entrevista de trabajo: La presentaci\u00f3n es fundamental para impresionar a los reclutadores. Por ello, el peinado es un elemento clave para dar [&hellip;]<\/p>\n","protected":false},"author":1,"featured_media":2523,"comment_status":"open","ping_status":"","sticky":false,"template":"","format":"standard","meta":{"_uag_custom_page_level_css":"","site-sidebar-layout":"default","site-content-layout":"","ast-site-content-layout":"default","site-content-style":"default","site-sidebar-style":"default","ast-global-header-display":"","ast-banner-title-visibility":"","ast-main-header-display":"","ast-hfb-above-header-display":"","ast-hfb-below-header-display":"","ast-hfb-mobile-header-display":"","site-post-title":"","ast-breadcrumbs-content":"","ast-featured-img":"","footer-sml-layout":"","ast-disable-related-posts":"","theme-transparent-header-meta":"","adv-header-id-meta":"","stick-header-meta":"","header-above-stick-meta":"","header-main-stick-meta":"","header-below-stick-meta":"","astra-migrate-meta-layouts":"default","ast-page-background-enabled":"default","ast-page-background-meta":{"desktop":{"background-color":"var(--ast-global-color-4)","background-image":"","background-repeat":"repeat","background-position":"center center","background-size":"auto","background-attachment":"scroll","background-type":"","background-media":"","overlay-type":"","overlay-color":"","overlay-opacity":"","overlay-gradient":""},"tablet":{"background-color":"","background-image":"","background-repeat":"repeat","background-position":"center center","background-size":"auto","background-attachment":"scroll","background-type":"","background-media":"","overlay-type":"","overlay-color":"","overlay-opacity":"","overlay-gradient":""},"mobile":{"background-color":"","background-image":"","background-repeat":"repeat","background-position":"center center","background-size":"auto","background-attachment":"scroll","background-type":"","background-media":"","overlay-type":"","overlay-color":"","overlay-opacity":"","overlay-gradient":""}},"ast-content-background-meta":{"desktop":{"background-color":"var(--ast-global-color-5)","background-image":"","background-repeat":"repeat","background-position":"center center","background-size":"auto","background-attachment":"scroll","background-type":"","background-media":"","overlay-type":"","overlay-color":"","overlay-opacity":"","overlay-gradient":""},"tablet":{"background-color":"var(--ast-global-color-5)","background-image":"","background-repeat":"repeat","background-position":"center center","background-size":"auto","background-attachment":"scroll","background-type":"","background-media":"","overlay-type":"","overlay-color":"","overlay-opacity":"","overlay-gradient":""},"mobile":{"background-color":"var(--ast-global-color-5)","background-image":"","background-repeat":"repeat","background-position":"center center","background-size":"auto","background-attachment":"scroll","background-type":"","background-media":"","overlay-type":"","overlay-color":"","overlay-opacity":"","overlay-gradient":""}},"footnotes":""},"categories":[295],"tags":[],"class_list":["post-2522","post","type-post","status-publish","format-standard","has-post-thumbnail","hentry","category-entrevistas-de-trabajo"],"uagb_featured_image_src":{"full":["https:\/\/www.trabajoenzamora.com\/blog\/wp-content\/uploads\/2023\/04\/Peinado-para-una-entrevista-de-trabajo.jpg",711,400,false],"thumbnail":["https:\/\/www.trabajoenzamora.com\/blog\/wp-content\/uploads\/2023\/04\/Peinado-para-una-entrevista-de-trabajo-150x150.jpg",150,150,true],"medium":["https:\/\/www.trabajoenzamora.com\/blog\/wp-content\/uploads\/2023\/04\/Peinado-para-una-entrevista-de-trabajo.jpg",300,169,false],"medium_large":["https:\/\/www.trabajoenzamora.com\/blog\/wp-content\/uploads\/2023\/04\/Peinado-para-una-entrevista-de-trabajo.jpg",711,400,false],"large":["https:\/\/www.trabajoenzamora.com\/blog\/wp-content\/uploads\/2023\/04\/Peinado-para-una-entrevista-de-trabajo.jpg",711,400,true],"1536x1536":["https:\/\/www.trabajoenzamora.com\/blog\/wp-content\/uploads\/2023\/04\/Peinado-para-una-entrevista-de-trabajo.jpg",711,400,false],"2048x2048":["https:\/\/www.trabajoenzamora.com\/blog\/wp-content\/uploads\/2023\/04\/Peinado-para-una-entrevista-de-trabajo.jpg",711,400,false]},"uagb_author_info":{"display_name":"xenonfactory","author_link":"https:\/\/www.trabajoenzamora.com\/blog\/author\/xenonfactory\/"},"uagb_comment_info":0,"uagb_excerpt":"Peinado para una entrevista de trabajo: La presentaci\u00f3n es fundamental para impresionar a los reclutadores. Por ello, el peinado es un elemento clave para dar [&hellip;]","amp_enabled":true,"_links":{"self":[{"href":"https:\/\/www.trabajoenzamora.com\/blog\/wp-json\/wp\/v2\/posts\/2522","targetHints":{"allow":["GET"]}}],"collection":[{"href":"https:\/\/www.trabajoenzamora.com\/blog\/wp-json\/wp\/v2\/posts"}],"about":[{"href":"https:\/\/www.trabajoenzamora.com\/blog\/wp-json\/wp\/v2\/types\/post"}],"author":[{"embeddable":true,"href":"https:\/\/www.trabajoenzamora.com\/blog\/wp-json\/wp\/v2\/users\/1"}],"replies":[{"embeddable":true,"href":"https:\/\/www.trabajoenzamora.com\/blog\/wp-json\/wp\/v2\/comments?post=2522"}],"version-history":[{"count":0,"href":"https:\/\/www.trabajoenzamora.com\/blog\/wp-json\/wp\/v2\/posts\/2522\/revisions"}],"wp:featuredmedia":[{"embeddable":true,"href":"https:\/\/www.trabajoenzamora.com\/blog\/wp-json\/wp\/v2\/media\/2523"}],"wp:attachment":[{"href":"https:\/\/www.trabajoenzamora.com\/blog\/wp-json\/wp\/v2\/media?parent=2522"}],"wp:term":[{"taxonomy":"category","embeddable":true,"href":"https:\/\/www.trabajoenzamora.com\/blog\/wp-json\/wp\/v2\/categories?post=2522"},{"taxonomy":"post_tag","embeddable":true,"href":"https:\/\/www.trabajoenzamora.com\/blog\/wp-json\/wp\/v2\/tags?post=2522"}],"curies":[{"name":"wp","href":"https:\/\/api.w.org\/{rel}","templated":true}]}}