{"id":2486,"date":"2023-04-25T07:05:04","date_gmt":"2023-04-25T05:05:04","guid":{"rendered":"https:\/\/www.trabajoenzamora.com\/blog\/?p=2486"},"modified":"2023-04-25T07:05:04","modified_gmt":"2023-04-25T05:05:04","slug":"que-te-suelen-preguntar-en-una-entrevista-de-trabajo","status":"publish","type":"post","link":"https:\/\/www.trabajoenzamora.com\/blog\/que-te-suelen-preguntar-en-una-entrevista-de-trabajo\/","title":{"rendered":"7 Preguntas Clave Que Te Pueden Hacer en una Entrevista de Trabajo &#8211; \u00a1Desc\u00fabrelas Aqu\u00ed!"},"content":{"rendered":"<p>Las entrevistas de trabajo son un momento crucial en el proceso de b\u00fasqueda de empleo, y es importante prepararse bien para asegurarse de que presentas tu mejor imagen. El entrevistador puede preguntarte de todo, desde lo b\u00e1sico hasta temas m\u00e1s complicados, y es importante que est\u00e9s preparado para responder a cada pregunta. Estas son algunas de las preguntas m\u00e1s comunes que suelen hacer en una entrevista de trabajo.<\/p>\n<h2><span class=\"ez-toc-section\" id=\"1_Cuentame_algo_sobre_ti\"><\/span>1. Cu\u00e9ntame algo sobre ti<span class=\"ez-toc-section-end\"><\/span><\/h2><div id=\"ez-toc-container\" class=\"ez-toc-v2_0_82_2 counter-hierarchy ez-toc-counter ez-toc-custom ez-toc-container-direction\">\n<p class=\"ez-toc-title\" style=\"cursor:inherit\">Contenidos<\/p>\n<label for=\"ez-toc-cssicon-toggle-item-69f553a7dfd5e\" class=\"ez-toc-cssicon-toggle-label\"><span class=\"ez-toc-cssicon\"><span class=\"eztoc-hide\" style=\"display:none;\">Toggle<\/span><span class=\"ez-toc-icon-toggle-span\"><svg style=\"fill: #686868;color:#686868\" xmlns=\"http:\/\/www.w3.org\/2000\/svg\" class=\"list-377408\" width=\"20px\" height=\"20px\" viewBox=\"0 0 24 24\" fill=\"none\"><path d=\"M6 6H4v2h2V6zm14 0H8v2h12V6zM4 11h2v2H4v-2zm16 0H8v2h12v-2zM4 16h2v2H4v-2zm16 0H8v2h12v-2z\" fill=\"currentColor\"><\/path><\/svg><svg style=\"fill: #686868;color:#686868\" class=\"arrow-unsorted-368013\" xmlns=\"http:\/\/www.w3.org\/2000\/svg\" width=\"10px\" height=\"10px\" viewBox=\"0 0 24 24\" version=\"1.2\" baseProfile=\"tiny\"><path d=\"M18.2 9.3l-6.2-6.3-6.2 6.3c-.2.2-.3.4-.3.7s.1.5.3.7c.2.2.4.3.7.3h11c.3 0 .5-.1.7-.3.2-.2.3-.5.3-.7s-.1-.5-.3-.7zM5.8 14.7l6.2 6.3 6.2-6.3c.2-.2.3-.5.3-.7s-.1-.5-.3-.7c-.2-.2-.4-.3-.7-.3h-11c-.3 0-.5.1-.7.3-.2.2-.3.5-.3.7s.1.5.3.7z\"\/><\/svg><\/span><\/span><\/label><input type=\"checkbox\"  id=\"ez-toc-cssicon-toggle-item-69f553a7dfd5e\"  aria-label=\"Alternar\" \/><nav><ul class='ez-toc-list ez-toc-list-level-1 ' ><li class='ez-toc-page-1 ez-toc-heading-level-2'><a class=\"ez-toc-link ez-toc-heading-1\" href=\"https:\/\/www.trabajoenzamora.com\/blog\/que-te-suelen-preguntar-en-una-entrevista-de-trabajo\/#1_Cuentame_algo_sobre_ti\" >1. Cu\u00e9ntame algo sobre ti<\/a><\/li><li class='ez-toc-page-1 ez-toc-heading-level-2'><a class=\"ez-toc-link ez-toc-heading-2\" href=\"https:\/\/www.trabajoenzamora.com\/blog\/que-te-suelen-preguntar-en-una-entrevista-de-trabajo\/#2_%C2%BFPor_que_quieres_trabajar_aqui\" >2. \u00bfPor qu\u00e9 quieres trabajar aqu\u00ed?<\/a><\/li><li class='ez-toc-page-1 ez-toc-heading-level-2'><a class=\"ez-toc-link ez-toc-heading-3\" href=\"https:\/\/www.trabajoenzamora.com\/blog\/que-te-suelen-preguntar-en-una-entrevista-de-trabajo\/#3_%C2%BFCuales_son_tus_fortalezas_y_debilidades\" >3. \u00bfCu\u00e1les son tus fortalezas y debilidades?<\/a><\/li><li class='ez-toc-page-1 ez-toc-heading-level-2'><a class=\"ez-toc-link ez-toc-heading-4\" href=\"https:\/\/www.trabajoenzamora.com\/blog\/que-te-suelen-preguntar-en-una-entrevista-de-trabajo\/#4_%C2%BFComo_te_relacionas_con_tus_companeros_de_trabajo\" >4. \u00bfC\u00f3mo te relacionas con tus compa\u00f1eros de trabajo?<\/a><\/li><li class='ez-toc-page-1 ez-toc-heading-level-2'><a class=\"ez-toc-link ez-toc-heading-5\" href=\"https:\/\/www.trabajoenzamora.com\/blog\/que-te-suelen-preguntar-en-una-entrevista-de-trabajo\/#5_%C2%BFPor_que_deberiamos_contratarte\" >5. \u00bfPor qu\u00e9 deber\u00edamos contratarte?<\/a><\/li><li class='ez-toc-page-1 ez-toc-heading-level-2'><a class=\"ez-toc-link ez-toc-heading-6\" href=\"https:\/\/www.trabajoenzamora.com\/blog\/que-te-suelen-preguntar-en-una-entrevista-de-trabajo\/#6_%C2%BFComo_manejas_la_presion\" >6. \u00bfC\u00f3mo manejas la presi\u00f3n?<\/a><\/li><li class='ez-toc-page-1 ez-toc-heading-level-2'><a class=\"ez-toc-link ez-toc-heading-7\" href=\"https:\/\/www.trabajoenzamora.com\/blog\/que-te-suelen-preguntar-en-una-entrevista-de-trabajo\/#7_%C2%BFCuales_son_tus_metas_a_largo_plazo\" >7. \u00bfCu\u00e1les son tus metas a largo plazo?<\/a><\/li><li class='ez-toc-page-1 ez-toc-heading-level-2'><a class=\"ez-toc-link ez-toc-heading-8\" href=\"https:\/\/www.trabajoenzamora.com\/blog\/que-te-suelen-preguntar-en-una-entrevista-de-trabajo\/#Conclusion\" >Conclusion<\/a><\/li><\/ul><\/nav><\/div>\n\n<p>Esta es una pregunta com\u00fanmente utilizada para empezar una entrevista. El entrevistador quiere saber un poco m\u00e1s sobre ti, tus experiencias y tus habilidades, as\u00ed como tus intereses y logros. Trata de centrarte en lo que es relevante para el puesto, como tu experiencia profesional, tus logros, tus habilidades y tus intereses. Esta pregunta te da la oportunidad de venderte como candidato, as\u00ed que aprovecha la oportunidad.<\/p>\n<h2><span class=\"ez-toc-section\" id=\"2_%C2%BFPor_que_quieres_trabajar_aqui\"><\/span>2. \u00bfPor qu\u00e9 quieres trabajar aqu\u00ed?<span class=\"ez-toc-section-end\"><\/span><\/h2>\n<p>Esta es una pregunta que el entrevistador har\u00e1 para ver si realmente est\u00e1s interesado en el puesto. Trata de demostrar que est\u00e1s familiarizado con la empresa, su cultura y su filosof\u00eda, y que has hecho tu investigaci\u00f3n. Explica por qu\u00e9 crees que eres el mejor candidato para el puesto y c\u00f3mo puedes aportar valor a la empresa. Esta pregunta te da la oportunidad de mostrar tu pasi\u00f3n y entusiasmo por el trabajo.<\/p>\n<h2><span class=\"ez-toc-section\" id=\"3_%C2%BFCuales_son_tus_fortalezas_y_debilidades\"><\/span>3. \u00bfCu\u00e1les son tus fortalezas y debilidades?<span class=\"ez-toc-section-end\"><\/span><\/h2>\n<p>Esta es una pregunta muy com\u00fan en entrevistas de trabajo. El entrevistador quiere saber c\u00f3mo te percibes a ti mismo, as\u00ed como tu nivel de auto-conciencia. Trata de ser sincero y honesto sobre tus fortalezas y debilidades. Explica c\u00f3mo has trabajado para mejorar tus debilidades y c\u00f3mo has aprovechado tus fortalezas para lograr los resultados deseados. Esta pregunta te da la oportunidad de mostrar tu auto-reflexi\u00f3n y madurez.<\/p>\n<h2><span class=\"ez-toc-section\" id=\"4_%C2%BFComo_te_relacionas_con_tus_companeros_de_trabajo\"><\/span>4. \u00bfC\u00f3mo te relacionas con tus compa\u00f1eros de trabajo?<span class=\"ez-toc-section-end\"><\/span><\/h2>\n<p>Esta pregunta es una forma de ver c\u00f3mo eres capaz de trabajar en equipo y c\u00f3mo te relacionas con los dem\u00e1s. El entrevistador quiere saber c\u00f3mo te adaptas a un entorno laboral, as\u00ed como tu capacidad para trabajar con otros. Trata de mostrar que eres un buen compa\u00f1ero de trabajo, que puedes trabajar de forma colaborativa y que tienes habilidades para liderar. Esta pregunta te da la oportunidad de mostrar tus habilidades sociales y tu capacidad para trabajar en equipo.<\/p>\n<p><\/p>\n<div id='video-container9CnXiP6MfpY' style='width:100%; height:auto; max-width:587px; position: relative;' onclick='var iframe = document.createElement(\"iframe\"); iframe.src = \"https:\/\/www.youtube.com\/embed\/9CnXiP6MfpY?autoplay=1\"; iframe.style.width = \"100%\"; iframe.style.maxWidth = \"800px\"; iframe.frameborder = 0; iframe.allowfullscreen = \"allowfullscreen\"; document.getElementById(\"video-container9CnXiP6MfpY\").innerHTML = \"\"; document.getElementById(\"video-container9CnXiP6MfpY\").appendChild(iframe);'>\n<div class='image-video-plugin' style='background:url(\"https:\/\/img.youtube.com\/vi\/9CnXiP6MfpY\/0.jpg\") center no-repeat; background-size: cover;'><\/div>\n<p><span class='youtube-play-button'><\/span><noscript><a href='https:\/\/www.youtube.com\/watch?v=9CnXiP6MfpY' target='_blank' rel=\"noopener\">Play on YouTube<\/a><\/noscript><\/div>\n<p><\/p>\n<h2><span class=\"ez-toc-section\" id=\"5_%C2%BFPor_que_deberiamos_contratarte\"><\/span>5. \u00bfPor qu\u00e9 deber\u00edamos contratarte?<span class=\"ez-toc-section-end\"><\/span><\/h2>\n<p>Esta es una pregunta importante que el entrevistador har\u00e1 para ver qu\u00e9 puedes aportar a la empresa. El entrevistador quiere saber qu\u00e9 hace que te destaques entre los dem\u00e1s candidatos. Trata de destacar tus habilidades y experiencia relevantes, as\u00ed como tus logros y tu motivaci\u00f3n. Esta pregunta te da la oportunidad de demostrar por qu\u00e9 eres el mejor candidato para el puesto.<\/p>\n<h2><span class=\"ez-toc-section\" id=\"6_%C2%BFComo_manejas_la_presion\"><\/span>6. \u00bfC\u00f3mo manejas la presi\u00f3n?<span class=\"ez-toc-section-end\"><\/span><\/h2>\n<p>Esta pregunta es una forma de ver c\u00f3mo eres capaz de trabajar bajo presi\u00f3n y c\u00f3mo puedes lidiar con el estr\u00e9s. El entrevistador quiere saber c\u00f3mo puedes manejar los plazos ajustados y c\u00f3mo puedes trabajar de forma eficiente bajo presi\u00f3n. Trata de demostrar que eres capaz de trabajar bajo presi\u00f3n sin perder la calma y sin comprometer la calidad del trabajo. Esta pregunta te da la oportunidad de mostrar tu capacidad para trabajar bajo presi\u00f3n.<\/p>\n<h2><span class=\"ez-toc-section\" id=\"7_%C2%BFCuales_son_tus_metas_a_largo_plazo\"><\/span>7. \u00bfCu\u00e1les son tus metas a largo plazo?<span class=\"ez-toc-section-end\"><\/span><\/h2>\n<p>Esta pregunta es una forma de ver qu\u00e9 tan comprometido est\u00e1s con la empresa y con el puesto. El entrevistador quiere saber si tienes objetivos a largo plazo y si tienes la intenci\u00f3n de quedarte con la empresa. Trata de explicar tus objetivos a largo plazo y c\u00f3mo puedes contribuir al \u00e9xito de la empresa. Esta pregunta te da la oportunidad de mostrar tu compromiso con la empresa.<\/p>\n<h2><span class=\"ez-toc-section\" id=\"Conclusion\"><\/span>Conclusion<span class=\"ez-toc-section-end\"><\/span><\/h2>\n<p>Las entrevistas de trabajo son un momento crucial en el proceso de b\u00fasqueda de empleo, y es importante estar preparado para responder a cada pregunta. Estas son algunas de las preguntas m\u00e1s comunes que suelen hacer en una entrevista de trabajo. Aprovecha la oportunidad para mostrar tu mejor lado, tu pasi\u00f3n por el trabajo y tu compromiso con la empresa. Si te preparas bien para la entrevista, tienes m\u00e1s posibilidades de impresionar al entrevistador y de obtener el puesto.<\/p>\n<link rel='stylesheet' href='https:\/\/www.trabajoenzamora.com\/blog\/wp-content\/plugins\/aitomaticblog\/public\/css\/style-iyr.css' type='text\/css' media='all' \/>\n","protected":false},"excerpt":{"rendered":"<p>Las entrevistas de trabajo son un momento crucial en el proceso de b\u00fasqueda de empleo, y es importante prepararse bien para asegurarse de que presentas [&hellip;]<\/p>\n","protected":false},"author":1,"featured_media":2487,"comment_status":"open","ping_status":"","sticky":false,"template":"","format":"standard","meta":{"_uag_custom_page_level_css":"","site-sidebar-layout":"default","site-content-layout":"","ast-site-content-layout":"default","site-content-style":"default","site-sidebar-style":"default","ast-global-header-display":"","ast-banner-title-visibility":"","ast-main-header-display":"","ast-hfb-above-header-display":"","ast-hfb-below-header-display":"","ast-hfb-mobile-header-display":"","site-post-title":"","ast-breadcrumbs-content":"","ast-featured-img":"","footer-sml-layout":"","ast-disable-related-posts":"","theme-transparent-header-meta":"","adv-header-id-meta":"","stick-header-meta":"","header-above-stick-meta":"","header-main-stick-meta":"","header-below-stick-meta":"","astra-migrate-meta-layouts":"default","ast-page-background-enabled":"default","ast-page-background-meta":{"desktop":{"background-color":"var(--ast-global-color-4)","background-image":"","background-repeat":"repeat","background-position":"center center","background-size":"auto","background-attachment":"scroll","background-type":"","background-media":"","overlay-type":"","overlay-color":"","overlay-opacity":"","overlay-gradient":""},"tablet":{"background-color":"","background-image":"","background-repeat":"repeat","background-position":"center center","background-size":"auto","background-attachment":"scroll","background-type":"","background-media":"","overlay-type":"","overlay-color":"","overlay-opacity":"","overlay-gradient":""},"mobile":{"background-color":"","background-image":"","background-repeat":"repeat","background-position":"center center","background-size":"auto","background-attachment":"scroll","background-type":"","background-media":"","overlay-type":"","overlay-color":"","overlay-opacity":"","overlay-gradient":""}},"ast-content-background-meta":{"desktop":{"background-color":"var(--ast-global-color-5)","background-image":"","background-repeat":"repeat","background-position":"center center","background-size":"auto","background-attachment":"scroll","background-type":"","background-media":"","overlay-type":"","overlay-color":"","overlay-opacity":"","overlay-gradient":""},"tablet":{"background-color":"var(--ast-global-color-5)","background-image":"","background-repeat":"repeat","background-position":"center center","background-size":"auto","background-attachment":"scroll","background-type":"","background-media":"","overlay-type":"","overlay-color":"","overlay-opacity":"","overlay-gradient":""},"mobile":{"background-color":"var(--ast-global-color-5)","background-image":"","background-repeat":"repeat","background-position":"center center","background-size":"auto","background-attachment":"scroll","background-type":"","background-media":"","overlay-type":"","overlay-color":"","overlay-opacity":"","overlay-gradient":""}},"footnotes":""},"categories":[295],"tags":[],"class_list":["post-2486","post","type-post","status-publish","format-standard","has-post-thumbnail","hentry","category-entrevistas-de-trabajo"],"uagb_featured_image_src":{"full":["https:\/\/www.trabajoenzamora.com\/blog\/wp-content\/uploads\/2023\/04\/Que-te-suelen-preguntar-en-una-entrevista-de-trabajo.jpg",711,400,false],"thumbnail":["https:\/\/www.trabajoenzamora.com\/blog\/wp-content\/uploads\/2023\/04\/Que-te-suelen-preguntar-en-una-entrevista-de-trabajo-150x150.jpg",150,150,true],"medium":["https:\/\/www.trabajoenzamora.com\/blog\/wp-content\/uploads\/2023\/04\/Que-te-suelen-preguntar-en-una-entrevista-de-trabajo.jpg",300,169,false],"medium_large":["https:\/\/www.trabajoenzamora.com\/blog\/wp-content\/uploads\/2023\/04\/Que-te-suelen-preguntar-en-una-entrevista-de-trabajo.jpg",711,400,false],"large":["https:\/\/www.trabajoenzamora.com\/blog\/wp-content\/uploads\/2023\/04\/Que-te-suelen-preguntar-en-una-entrevista-de-trabajo.jpg",711,400,true],"1536x1536":["https:\/\/www.trabajoenzamora.com\/blog\/wp-content\/uploads\/2023\/04\/Que-te-suelen-preguntar-en-una-entrevista-de-trabajo.jpg",711,400,false],"2048x2048":["https:\/\/www.trabajoenzamora.com\/blog\/wp-content\/uploads\/2023\/04\/Que-te-suelen-preguntar-en-una-entrevista-de-trabajo.jpg",711,400,false]},"uagb_author_info":{"display_name":"xenonfactory","author_link":"https:\/\/www.trabajoenzamora.com\/blog\/author\/xenonfactory\/"},"uagb_comment_info":0,"uagb_excerpt":"Las entrevistas de trabajo son un momento crucial en el proceso de b\u00fasqueda de empleo, y es importante prepararse bien para asegurarse de que presentas [&hellip;]","amp_enabled":true,"_links":{"self":[{"href":"https:\/\/www.trabajoenzamora.com\/blog\/wp-json\/wp\/v2\/posts\/2486","targetHints":{"allow":["GET"]}}],"collection":[{"href":"https:\/\/www.trabajoenzamora.com\/blog\/wp-json\/wp\/v2\/posts"}],"about":[{"href":"https:\/\/www.trabajoenzamora.com\/blog\/wp-json\/wp\/v2\/types\/post"}],"author":[{"embeddable":true,"href":"https:\/\/www.trabajoenzamora.com\/blog\/wp-json\/wp\/v2\/users\/1"}],"replies":[{"embeddable":true,"href":"https:\/\/www.trabajoenzamora.com\/blog\/wp-json\/wp\/v2\/comments?post=2486"}],"version-history":[{"count":0,"href":"https:\/\/www.trabajoenzamora.com\/blog\/wp-json\/wp\/v2\/posts\/2486\/revisions"}],"wp:featuredmedia":[{"embeddable":true,"href":"https:\/\/www.trabajoenzamora.com\/blog\/wp-json\/wp\/v2\/media\/2487"}],"wp:attachment":[{"href":"https:\/\/www.trabajoenzamora.com\/blog\/wp-json\/wp\/v2\/media?parent=2486"}],"wp:term":[{"taxonomy":"category","embeddable":true,"href":"https:\/\/www.trabajoenzamora.com\/blog\/wp-json\/wp\/v2\/categories?post=2486"},{"taxonomy":"post_tag","embeddable":true,"href":"https:\/\/www.trabajoenzamora.com\/blog\/wp-json\/wp\/v2\/tags?post=2486"}],"curies":[{"name":"wp","href":"https:\/\/api.w.org\/{rel}","templated":true}]}}