{"id":2464,"date":"2023-04-24T11:05:08","date_gmt":"2023-04-24T09:05:08","guid":{"rendered":"https:\/\/www.trabajoenzamora.com\/blog\/?p=2464"},"modified":"2023-04-24T11:05:08","modified_gmt":"2023-04-24T09:05:08","slug":"que-debilidades-decir-en-una-entrevista-de-trabajo","status":"publish","type":"post","link":"https:\/\/www.trabajoenzamora.com\/blog\/que-debilidades-decir-en-una-entrevista-de-trabajo\/","title":{"rendered":"Consejos \u00datiles para Revelar las Debilidades Correctas en una Entrevista de Trabajo"},"content":{"rendered":"<h2><span class=\"ez-toc-section\" id=\"%C2%BFQue_debilidades_decir_en_una_entrevista_de_trabajo\"><\/span>\u00bfQu\u00e9 debilidades decir en una entrevista de trabajo?<span class=\"ez-toc-section-end\"><\/span><\/h2><div id=\"ez-toc-container\" class=\"ez-toc-v2_0_82_2 counter-hierarchy ez-toc-counter ez-toc-custom ez-toc-container-direction\">\n<p class=\"ez-toc-title\" style=\"cursor:inherit\">Contenidos<\/p>\n<label for=\"ez-toc-cssicon-toggle-item-69f53f763b86f\" class=\"ez-toc-cssicon-toggle-label\"><span class=\"ez-toc-cssicon\"><span class=\"eztoc-hide\" style=\"display:none;\">Toggle<\/span><span class=\"ez-toc-icon-toggle-span\"><svg style=\"fill: #686868;color:#686868\" xmlns=\"http:\/\/www.w3.org\/2000\/svg\" class=\"list-377408\" width=\"20px\" height=\"20px\" viewBox=\"0 0 24 24\" fill=\"none\"><path d=\"M6 6H4v2h2V6zm14 0H8v2h12V6zM4 11h2v2H4v-2zm16 0H8v2h12v-2zM4 16h2v2H4v-2zm16 0H8v2h12v-2z\" fill=\"currentColor\"><\/path><\/svg><svg style=\"fill: #686868;color:#686868\" class=\"arrow-unsorted-368013\" xmlns=\"http:\/\/www.w3.org\/2000\/svg\" width=\"10px\" height=\"10px\" viewBox=\"0 0 24 24\" version=\"1.2\" baseProfile=\"tiny\"><path d=\"M18.2 9.3l-6.2-6.3-6.2 6.3c-.2.2-.3.4-.3.7s.1.5.3.7c.2.2.4.3.7.3h11c.3 0 .5-.1.7-.3.2-.2.3-.5.3-.7s-.1-.5-.3-.7zM5.8 14.7l6.2 6.3 6.2-6.3c.2-.2.3-.5.3-.7s-.1-.5-.3-.7c-.2-.2-.4-.3-.7-.3h-11c-.3 0-.5.1-.7.3-.2.2-.3.5-.3.7s.1.5.3.7z\"\/><\/svg><\/span><\/span><\/label><input type=\"checkbox\"  id=\"ez-toc-cssicon-toggle-item-69f53f763b86f\"  aria-label=\"Alternar\" \/><nav><ul class='ez-toc-list ez-toc-list-level-1 ' ><li class='ez-toc-page-1 ez-toc-heading-level-2'><a class=\"ez-toc-link ez-toc-heading-1\" href=\"https:\/\/www.trabajoenzamora.com\/blog\/que-debilidades-decir-en-una-entrevista-de-trabajo\/#%C2%BFQue_debilidades_decir_en_una_entrevista_de_trabajo\" >\u00bfQu\u00e9 debilidades decir en una entrevista de trabajo?<\/a><\/li><li class='ez-toc-page-1 ez-toc-heading-level-2'><a class=\"ez-toc-link ez-toc-heading-2\" href=\"https:\/\/www.trabajoenzamora.com\/blog\/que-debilidades-decir-en-una-entrevista-de-trabajo\/#Como_responder_a_la_pregunta_sobre_tus_debilidades\" >C\u00f3mo responder a la pregunta sobre tus debilidades<\/a><ul class='ez-toc-list-level-3' ><li class='ez-toc-heading-level-3'><a class=\"ez-toc-link ez-toc-heading-3\" href=\"https:\/\/www.trabajoenzamora.com\/blog\/que-debilidades-decir-en-una-entrevista-de-trabajo\/#Organizacion_y_planificacion\" >Organizaci\u00f3n y planificaci\u00f3n<\/a><\/li><li class='ez-toc-page-1 ez-toc-heading-level-3'><a class=\"ez-toc-link ez-toc-heading-4\" href=\"https:\/\/www.trabajoenzamora.com\/blog\/que-debilidades-decir-en-una-entrevista-de-trabajo\/#Comunicacion\" >Comunicaci\u00f3n<\/a><\/li><li class='ez-toc-page-1 ez-toc-heading-level-3'><a class=\"ez-toc-link ez-toc-heading-5\" href=\"https:\/\/www.trabajoenzamora.com\/blog\/que-debilidades-decir-en-una-entrevista-de-trabajo\/#Trabajo_en_equipo\" >Trabajo en equipo<\/a><\/li><li class='ez-toc-page-1 ez-toc-heading-level-3'><a class=\"ez-toc-link ez-toc-heading-6\" href=\"https:\/\/www.trabajoenzamora.com\/blog\/que-debilidades-decir-en-una-entrevista-de-trabajo\/#Habilidades_tecnicas\" >Habilidades t\u00e9cnicas<\/a><\/li><\/ul><\/li><li class='ez-toc-page-1 ez-toc-heading-level-2'><a class=\"ez-toc-link ez-toc-heading-7\" href=\"https:\/\/www.trabajoenzamora.com\/blog\/que-debilidades-decir-en-una-entrevista-de-trabajo\/#Recomendaciones_para_responder_a_la_pregunta_sobre_tus_debilidades\" >Recomendaciones para responder a la pregunta sobre tus debilidades<\/a><\/li><\/ul><\/nav><\/div>\n\n<p>Una de las preguntas m\u00e1s temidas de una entrevista de trabajo es cuando el entrevistador te pregunta sobre tus debilidades. Esta pregunta puede parecer intimidante, pero si se responde correctamente, puede ayudarte a destacar entre los dem\u00e1s candidatos. Esta pregunta te permite mostrar tu autoconocimiento y honestidad, as\u00ed como tus habilidades para reconocer y superar tus debilidades.<\/p>\n<h2><span class=\"ez-toc-section\" id=\"Como_responder_a_la_pregunta_sobre_tus_debilidades\"><\/span>C\u00f3mo responder a la pregunta sobre tus debilidades<span class=\"ez-toc-section-end\"><\/span><\/h2>\n<p>Es importante tener una respuesta honesta y sincera para esta pregunta. No es una buena idea decir algo que no sea verdad, ya que los entrevistadores estar\u00e1n buscando una respuesta honesta para evaluar tu potencial. <\/p>\n<p>Es recomendable que tu respuesta se enfoque en alguna \u00e1rea en la que hayas trabajado para mejorar. Esto demuestra que eres consciente de tus debilidades y que tienes una fuerte motivaci\u00f3n para superarlas.<\/p>\n<p>Aqu\u00ed hay algunas \u00e1reas en las que puedes mencionar tu debilidad y c\u00f3mo has trabajado para superarla:<\/p>\n<h3><span class=\"ez-toc-section\" id=\"Organizacion_y_planificacion\"><\/span>Organizaci\u00f3n y planificaci\u00f3n<span class=\"ez-toc-section-end\"><\/span><\/h3>\n<p>Si eres una persona desorganizada, puedes hablar sobre c\u00f3mo has implementado herramientas y procesos para mejorar tu organizaci\u00f3n. Por ejemplo, puedes mencionar que has empezado a utilizar un calendario electr\u00f3nico para programar tareas y citas.<\/p>\n<h3><span class=\"ez-toc-section\" id=\"Comunicacion\"><\/span>Comunicaci\u00f3n<span class=\"ez-toc-section-end\"><\/span><\/h3>\n<p>Si tienes dificultades para comunicarte con los dem\u00e1s, puedes hablar sobre c\u00f3mo has trabajado para mejorar tu capacidad de escuchar y expresar tus ideas. Por ejemplo, puedes mencionar que has tomado cursos de comunicaci\u00f3n para mejorar tus habilidades.<\/p>\n<h3><span class=\"ez-toc-section\" id=\"Trabajo_en_equipo\"><\/span>Trabajo en equipo<span class=\"ez-toc-section-end\"><\/span><\/h3>\n<p>Si tienes dificultades para trabajar con otros, puedes hablar sobre c\u00f3mo has trabajado para mejorar tu capacidad para colaborar con otros. Por ejemplo, puedes mencionar que has estado en grupos de trabajo y que has aprendido c\u00f3mo trabajar de forma efectiva con otros.<\/p>\n<h3><span class=\"ez-toc-section\" id=\"Habilidades_tecnicas\"><\/span>Habilidades t\u00e9cnicas<span class=\"ez-toc-section-end\"><\/span><\/h3>\n<p>Si no tienes experiencia en un \u00e1rea espec\u00edfica, puedes hablar sobre c\u00f3mo has estado aprendiendo y mejorando tus habilidades t\u00e9cnicas. Por ejemplo, puedes mencionar que has tomado cursos en l\u00ednea o que has le\u00eddo libros para aprender acerca de la tecnolog\u00eda.<\/p>\n<p><\/p>\n<div id='video-containerOtkfSyuinmk' style='width:100%; height:auto; max-width:587px; position: relative;' onclick='var iframe = document.createElement(\"iframe\"); iframe.src = \"https:\/\/www.youtube.com\/embed\/OtkfSyuinmk?autoplay=1\"; iframe.style.width = \"100%\"; iframe.style.maxWidth = \"800px\"; iframe.frameborder = 0; iframe.allowfullscreen = \"allowfullscreen\"; document.getElementById(\"video-containerOtkfSyuinmk\").innerHTML = \"\"; document.getElementById(\"video-containerOtkfSyuinmk\").appendChild(iframe);'>\n<div class='image-video-plugin' style='background:url(\"https:\/\/img.youtube.com\/vi\/OtkfSyuinmk\/0.jpg\") center no-repeat; background-size: cover;'><\/div>\n<p><span class='youtube-play-button'><\/span><noscript><a href='https:\/\/www.youtube.com\/watch?v=OtkfSyuinmk' target='_blank' rel=\"noopener\">Play on YouTube<\/a><\/noscript><\/div>\n<p><\/p>\n<h2><span class=\"ez-toc-section\" id=\"Recomendaciones_para_responder_a_la_pregunta_sobre_tus_debilidades\"><\/span>Recomendaciones para responder a la pregunta sobre tus debilidades<span class=\"ez-toc-section-end\"><\/span><\/h2>\n<ul>\n<li>No te desanimes si tienes muchas debilidades. Conc\u00e9ntrate en algunas \u00e1reas espec\u00edficas en las que hayas trabajado para mejorar.<\/li>\n<li>No inventes una debilidad para mostrar autoconocimiento. Esto solo har\u00e1 que el entrevistador piense que est\u00e1s mintiendo.<\/li>\n<li>No hables mal de ti mismo. En lugar de eso, muestra al entrevistador c\u00f3mo has trabajado para superar tus debilidades.<\/li>\n<li>No menciones una debilidad que no tenga nada que ver con el trabajo. Esto puede hacer que el entrevistador piense que no est\u00e1s tomando la entrevista en serio.<\/li>\n<\/ul>\n<p>En conclusi\u00f3n, responder a la pregunta sobre tus debilidades puede ser intimidante, pero si respondes de forma honesta y positiva, puedes demostrar al entrevistador que eres consciente de tus debilidades y que est\u00e1s trabajando para superarlas. Esto puede ayudarte a destacar entre los dem\u00e1s candidatos.<link rel='stylesheet' href='https:\/\/www.trabajoenzamora.com\/blog\/wp-content\/plugins\/aitomaticblog\/public\/css\/style-iyr.css' type='text\/css' media='all' \/>\n","protected":false},"excerpt":{"rendered":"<p>\u00bfQu\u00e9 debilidades decir en una entrevista de trabajo? Una de las preguntas m\u00e1s temidas de una entrevista de trabajo es cuando el entrevistador te pregunta [&hellip;]<\/p>\n","protected":false},"author":1,"featured_media":2465,"comment_status":"open","ping_status":"","sticky":false,"template":"","format":"standard","meta":{"_uag_custom_page_level_css":"","site-sidebar-layout":"default","site-content-layout":"","ast-site-content-layout":"default","site-content-style":"default","site-sidebar-style":"default","ast-global-header-display":"","ast-banner-title-visibility":"","ast-main-header-display":"","ast-hfb-above-header-display":"","ast-hfb-below-header-display":"","ast-hfb-mobile-header-display":"","site-post-title":"","ast-breadcrumbs-content":"","ast-featured-img":"","footer-sml-layout":"","ast-disable-related-posts":"","theme-transparent-header-meta":"","adv-header-id-meta":"","stick-header-meta":"","header-above-stick-meta":"","header-main-stick-meta":"","header-below-stick-meta":"","astra-migrate-meta-layouts":"default","ast-page-background-enabled":"default","ast-page-background-meta":{"desktop":{"background-color":"var(--ast-global-color-4)","background-image":"","background-repeat":"repeat","background-position":"center center","background-size":"auto","background-attachment":"scroll","background-type":"","background-media":"","overlay-type":"","overlay-color":"","overlay-opacity":"","overlay-gradient":""},"tablet":{"background-color":"","background-image":"","background-repeat":"repeat","background-position":"center center","background-size":"auto","background-attachment":"scroll","background-type":"","background-media":"","overlay-type":"","overlay-color":"","overlay-opacity":"","overlay-gradient":""},"mobile":{"background-color":"","background-image":"","background-repeat":"repeat","background-position":"center center","background-size":"auto","background-attachment":"scroll","background-type":"","background-media":"","overlay-type":"","overlay-color":"","overlay-opacity":"","overlay-gradient":""}},"ast-content-background-meta":{"desktop":{"background-color":"var(--ast-global-color-5)","background-image":"","background-repeat":"repeat","background-position":"center center","background-size":"auto","background-attachment":"scroll","background-type":"","background-media":"","overlay-type":"","overlay-color":"","overlay-opacity":"","overlay-gradient":""},"tablet":{"background-color":"var(--ast-global-color-5)","background-image":"","background-repeat":"repeat","background-position":"center center","background-size":"auto","background-attachment":"scroll","background-type":"","background-media":"","overlay-type":"","overlay-color":"","overlay-opacity":"","overlay-gradient":""},"mobile":{"background-color":"var(--ast-global-color-5)","background-image":"","background-repeat":"repeat","background-position":"center center","background-size":"auto","background-attachment":"scroll","background-type":"","background-media":"","overlay-type":"","overlay-color":"","overlay-opacity":"","overlay-gradient":""}},"footnotes":""},"categories":[295],"tags":[],"class_list":["post-2464","post","type-post","status-publish","format-standard","has-post-thumbnail","hentry","category-entrevistas-de-trabajo"],"uagb_featured_image_src":{"full":["https:\/\/www.trabajoenzamora.com\/blog\/wp-content\/uploads\/2023\/04\/Que-debilidades-decir-en-una-entrevista-de-trabajo.jpg",711,400,false],"thumbnail":["https:\/\/www.trabajoenzamora.com\/blog\/wp-content\/uploads\/2023\/04\/Que-debilidades-decir-en-una-entrevista-de-trabajo-150x150.jpg",150,150,true],"medium":["https:\/\/www.trabajoenzamora.com\/blog\/wp-content\/uploads\/2023\/04\/Que-debilidades-decir-en-una-entrevista-de-trabajo.jpg",300,169,false],"medium_large":["https:\/\/www.trabajoenzamora.com\/blog\/wp-content\/uploads\/2023\/04\/Que-debilidades-decir-en-una-entrevista-de-trabajo.jpg",711,400,false],"large":["https:\/\/www.trabajoenzamora.com\/blog\/wp-content\/uploads\/2023\/04\/Que-debilidades-decir-en-una-entrevista-de-trabajo.jpg",711,400,true],"1536x1536":["https:\/\/www.trabajoenzamora.com\/blog\/wp-content\/uploads\/2023\/04\/Que-debilidades-decir-en-una-entrevista-de-trabajo.jpg",711,400,false],"2048x2048":["https:\/\/www.trabajoenzamora.com\/blog\/wp-content\/uploads\/2023\/04\/Que-debilidades-decir-en-una-entrevista-de-trabajo.jpg",711,400,false]},"uagb_author_info":{"display_name":"xenonfactory","author_link":"https:\/\/www.trabajoenzamora.com\/blog\/author\/xenonfactory\/"},"uagb_comment_info":0,"uagb_excerpt":"\u00bfQu\u00e9 debilidades decir en una entrevista de trabajo? Una de las preguntas m\u00e1s temidas de una entrevista de trabajo es cuando el entrevistador te pregunta [&hellip;]","amp_enabled":true,"_links":{"self":[{"href":"https:\/\/www.trabajoenzamora.com\/blog\/wp-json\/wp\/v2\/posts\/2464","targetHints":{"allow":["GET"]}}],"collection":[{"href":"https:\/\/www.trabajoenzamora.com\/blog\/wp-json\/wp\/v2\/posts"}],"about":[{"href":"https:\/\/www.trabajoenzamora.com\/blog\/wp-json\/wp\/v2\/types\/post"}],"author":[{"embeddable":true,"href":"https:\/\/www.trabajoenzamora.com\/blog\/wp-json\/wp\/v2\/users\/1"}],"replies":[{"embeddable":true,"href":"https:\/\/www.trabajoenzamora.com\/blog\/wp-json\/wp\/v2\/comments?post=2464"}],"version-history":[{"count":0,"href":"https:\/\/www.trabajoenzamora.com\/blog\/wp-json\/wp\/v2\/posts\/2464\/revisions"}],"wp:featuredmedia":[{"embeddable":true,"href":"https:\/\/www.trabajoenzamora.com\/blog\/wp-json\/wp\/v2\/media\/2465"}],"wp:attachment":[{"href":"https:\/\/www.trabajoenzamora.com\/blog\/wp-json\/wp\/v2\/media?parent=2464"}],"wp:term":[{"taxonomy":"category","embeddable":true,"href":"https:\/\/www.trabajoenzamora.com\/blog\/wp-json\/wp\/v2\/categories?post=2464"},{"taxonomy":"post_tag","embeddable":true,"href":"https:\/\/www.trabajoenzamora.com\/blog\/wp-json\/wp\/v2\/tags?post=2464"}],"curies":[{"name":"wp","href":"https:\/\/api.w.org\/{rel}","templated":true}]}}