{"id":2450,"date":"2023-04-24T04:05:04","date_gmt":"2023-04-24T02:05:04","guid":{"rendered":"https:\/\/www.trabajoenzamora.com\/blog\/?p=2450"},"modified":"2023-04-24T04:05:04","modified_gmt":"2023-04-24T02:05:04","slug":"20-preguntas-y-respuestas-en-una-entrevista-de-trabajo","status":"publish","type":"post","link":"https:\/\/www.trabajoenzamora.com\/blog\/20-preguntas-y-respuestas-en-una-entrevista-de-trabajo\/","title":{"rendered":"20 Preguntas y Respuestas Clave para Sobresalir en tu Pr\u00f3xima Entrevista de Trabajo"},"content":{"rendered":"\n<p><strong>\u00bfEst\u00e1s preparado para la entrevista de trabajo? <\/strong>La entrevista de trabajo es una etapa importante en el proceso de reclutamiento. Las preguntas y respuestas en una entrevista de trabajo son fundamentales para que el candidato demuestre su val\u00eda y su capacidad para desempe\u00f1ar el puesto de trabajo de forma exitosa. A continuaci\u00f3n, te ofrecemos 20 preguntas y respuestas en una entrevista de trabajo para que puedas prepararte al m\u00e1ximo.<\/p>\n<h2><span class=\"ez-toc-section\" id=\"Preguntas_y_respuestas_en_una_entrevista_de_trabajo\"><\/span>Preguntas y respuestas en una entrevista de trabajo<span class=\"ez-toc-section-end\"><\/span><\/h2><div id=\"ez-toc-container\" class=\"ez-toc-v2_0_82_2 counter-hierarchy ez-toc-counter ez-toc-custom ez-toc-container-direction\">\n<p class=\"ez-toc-title\" style=\"cursor:inherit\">Contenidos<\/p>\n<label for=\"ez-toc-cssicon-toggle-item-69f513798e190\" class=\"ez-toc-cssicon-toggle-label\"><span class=\"ez-toc-cssicon\"><span class=\"eztoc-hide\" style=\"display:none;\">Toggle<\/span><span class=\"ez-toc-icon-toggle-span\"><svg style=\"fill: #686868;color:#686868\" xmlns=\"http:\/\/www.w3.org\/2000\/svg\" class=\"list-377408\" width=\"20px\" height=\"20px\" viewBox=\"0 0 24 24\" fill=\"none\"><path d=\"M6 6H4v2h2V6zm14 0H8v2h12V6zM4 11h2v2H4v-2zm16 0H8v2h12v-2zM4 16h2v2H4v-2zm16 0H8v2h12v-2z\" fill=\"currentColor\"><\/path><\/svg><svg style=\"fill: #686868;color:#686868\" class=\"arrow-unsorted-368013\" xmlns=\"http:\/\/www.w3.org\/2000\/svg\" width=\"10px\" height=\"10px\" viewBox=\"0 0 24 24\" version=\"1.2\" baseProfile=\"tiny\"><path d=\"M18.2 9.3l-6.2-6.3-6.2 6.3c-.2.2-.3.4-.3.7s.1.5.3.7c.2.2.4.3.7.3h11c.3 0 .5-.1.7-.3.2-.2.3-.5.3-.7s-.1-.5-.3-.7zM5.8 14.7l6.2 6.3 6.2-6.3c.2-.2.3-.5.3-.7s-.1-.5-.3-.7c-.2-.2-.4-.3-.7-.3h-11c-.3 0-.5.1-.7.3-.2.2-.3.5-.3.7s.1.5.3.7z\"\/><\/svg><\/span><\/span><\/label><input type=\"checkbox\"  id=\"ez-toc-cssicon-toggle-item-69f513798e190\"  aria-label=\"Alternar\" \/><nav><ul class='ez-toc-list ez-toc-list-level-1 ' ><li class='ez-toc-page-1 ez-toc-heading-level-2'><a class=\"ez-toc-link ez-toc-heading-1\" href=\"https:\/\/www.trabajoenzamora.com\/blog\/20-preguntas-y-respuestas-en-una-entrevista-de-trabajo\/#Preguntas_y_respuestas_en_una_entrevista_de_trabajo\" >Preguntas y respuestas en una entrevista de trabajo<\/a><ul class='ez-toc-list-level-3' ><li class='ez-toc-heading-level-3'><a class=\"ez-toc-link ez-toc-heading-2\" href=\"https:\/\/www.trabajoenzamora.com\/blog\/20-preguntas-y-respuestas-en-una-entrevista-de-trabajo\/#1_%C2%BFPor_que_quiere_trabajar_para_nuestra_empresa\" >1. \u00bfPor qu\u00e9 quiere trabajar para nuestra empresa?<\/a><\/li><li class='ez-toc-page-1 ez-toc-heading-level-3'><a class=\"ez-toc-link ez-toc-heading-3\" href=\"https:\/\/www.trabajoenzamora.com\/blog\/20-preguntas-y-respuestas-en-una-entrevista-de-trabajo\/#2_%C2%BFQue_es_lo_que_mas_le_gusta_de_su_trabajo_actual\" >2. \u00bfQu\u00e9 es lo que m\u00e1s le gusta de su trabajo actual?<\/a><\/li><li class='ez-toc-page-1 ez-toc-heading-level-3'><a class=\"ez-toc-link ez-toc-heading-4\" href=\"https:\/\/www.trabajoenzamora.com\/blog\/20-preguntas-y-respuestas-en-una-entrevista-de-trabajo\/#3_%C2%BFCuales_son_sus_principales_fortalezas\" >3. \u00bfCu\u00e1les son sus principales fortalezas?<\/a><\/li><li class='ez-toc-page-1 ez-toc-heading-level-3'><a class=\"ez-toc-link ez-toc-heading-5\" href=\"https:\/\/www.trabajoenzamora.com\/blog\/20-preguntas-y-respuestas-en-una-entrevista-de-trabajo\/#4_%C2%BFComo_se_mantiene_al_dia_con_la_tecnologia\" >4. \u00bfC\u00f3mo se mantiene al d\u00eda con la tecnolog\u00eda?<\/a><\/li><li class='ez-toc-page-1 ez-toc-heading-level-3'><a class=\"ez-toc-link ez-toc-heading-6\" href=\"https:\/\/www.trabajoenzamora.com\/blog\/20-preguntas-y-respuestas-en-una-entrevista-de-trabajo\/#5_%C2%BFQue_habilidades_espera_desarrollar_en_este_puesto\" >5. \u00bfQu\u00e9 habilidades espera desarrollar en este puesto?<\/a><\/li><li class='ez-toc-page-1 ez-toc-heading-level-3'><a class=\"ez-toc-link ez-toc-heading-7\" href=\"https:\/\/www.trabajoenzamora.com\/blog\/20-preguntas-y-respuestas-en-una-entrevista-de-trabajo\/#6_%C2%BFComo_maneja_el_trabajo_bajo_presion\" >6. \u00bfC\u00f3mo maneja el trabajo bajo presi\u00f3n?<\/a><\/li><li class='ez-toc-page-1 ez-toc-heading-level-3'><a class=\"ez-toc-link ez-toc-heading-8\" href=\"https:\/\/www.trabajoenzamora.com\/blog\/20-preguntas-y-respuestas-en-una-entrevista-de-trabajo\/#7_%C2%BFComo_lidia_con_la_retroalimentacion_negativa\" >7. \u00bfC\u00f3mo lidia con la retroalimentaci\u00f3n negativa?<\/a><\/li><li class='ez-toc-page-1 ez-toc-heading-level-3'><a class=\"ez-toc-link ez-toc-heading-9\" href=\"https:\/\/www.trabajoenzamora.com\/blog\/20-preguntas-y-respuestas-en-una-entrevista-de-trabajo\/#8_%C2%BFQue_es_lo_que_mas_le_gusta_de_su_trabajo_actual\" >8. \u00bfQu\u00e9 es lo que m\u00e1s le gusta de su trabajo actual?<\/a><\/li><li class='ez-toc-page-1 ez-toc-heading-level-3'><a class=\"ez-toc-link ez-toc-heading-10\" href=\"https:\/\/www.trabajoenzamora.com\/blog\/20-preguntas-y-respuestas-en-una-entrevista-de-trabajo\/#9_%C2%BFComo_describe_su_trabajo_en_equipo\" >9. \u00bfC\u00f3mo describe su trabajo en equipo?<\/a><\/li><li class='ez-toc-page-1 ez-toc-heading-level-3'><a class=\"ez-toc-link ez-toc-heading-11\" href=\"https:\/\/www.trabajoenzamora.com\/blog\/20-preguntas-y-respuestas-en-una-entrevista-de-trabajo\/#10_%C2%BFComo_se_motiva_a_si_mismo_para_lograr_los_objetivos\" >10. \u00bfC\u00f3mo se motiva a s\u00ed mismo para lograr los objetivos?<\/a><\/li><li class='ez-toc-page-1 ez-toc-heading-level-3'><a class=\"ez-toc-link ez-toc-heading-12\" href=\"https:\/\/www.trabajoenzamora.com\/blog\/20-preguntas-y-respuestas-en-una-entrevista-de-trabajo\/#11_%C2%BFQue_es_lo_que_mas_le_gusta_de_la_industria_en_la_que_trabaja\" >11. \u00bfQu\u00e9 es lo que m\u00e1s le gusta de la industria en la que trabaja?<\/a><\/li><li class='ez-toc-page-1 ez-toc-heading-level-3'><a class=\"ez-toc-link ez-toc-heading-13\" href=\"https:\/\/www.trabajoenzamora.com\/blog\/20-preguntas-y-respuestas-en-una-entrevista-de-trabajo\/#12_%C2%BFComo_maneja_los_conflictos\" >12. \u00bfC\u00f3mo maneja los conflictos?<\/a><\/li><li class='ez-toc-page-1 ez-toc-heading-level-3'><a class=\"ez-toc-link ez-toc-heading-14\" href=\"https:\/\/www.trabajoenzamora.com\/blog\/20-preguntas-y-respuestas-en-una-entrevista-de-trabajo\/#13_%C2%BFQue_cree_que_hace_que_sea_un_buen_lider\" >13. \u00bfQu\u00e9 cree que hace que sea un buen l\u00edder?<\/a><\/li><li class='ez-toc-page-1 ez-toc-heading-level-3'><a class=\"ez-toc-link ez-toc-heading-15\" href=\"https:\/\/www.trabajoenzamora.com\/blog\/20-preguntas-y-respuestas-en-una-entrevista-de-trabajo\/#14_%C2%BFComo_maneja_la_toma_de_decisiones\" >14. \u00bfC\u00f3mo maneja la toma de decisiones?<\/a><\/li><li class='ez-toc-page-1 ez-toc-heading-level-3'><a class=\"ez-toc-link ez-toc-heading-16\" href=\"https:\/\/www.trabajoenzamora.com\/blog\/20-preguntas-y-respuestas-en-una-entrevista-de-trabajo\/#15_%C2%BFComo_se_adapta_a_los_cambios\" >15. \u00bfC\u00f3mo se adapta a los cambios?<\/a><\/li><li class='ez-toc-page-1 ez-toc-heading-level-3'><a class=\"ez-toc-link ez-toc-heading-17\" href=\"https:\/\/www.trabajoenzamora.com\/blog\/20-preguntas-y-respuestas-en-una-entrevista-de-trabajo\/#16_%C2%BFComo_gestiona_el_tiempo\" >16. \u00bfC\u00f3mo gestiona el tiempo?<\/a><\/li><li class='ez-toc-page-1 ez-toc-heading-level-3'><a class=\"ez-toc-link ez-toc-heading-18\" href=\"https:\/\/www.trabajoenzamora.com\/blog\/20-preguntas-y-respuestas-en-una-entrevista-de-trabajo\/#17_%C2%BFComo_motiva_a_otros\" >17. \u00bfC\u00f3mo motiva a otros?<\/a><\/li><li class='ez-toc-page-1 ez-toc-heading-level-3'><a class=\"ez-toc-link ez-toc-heading-19\" href=\"https:\/\/www.trabajoenzamora.com\/blog\/20-preguntas-y-respuestas-en-una-entrevista-de-trabajo\/#18_%C2%BFComo_se_asegura_de_cumplir_los_objetivos\" >18. \u00bfC\u00f3mo se asegura de cumplir los objetivos?<\/a><\/li><li class='ez-toc-page-1 ez-toc-heading-level-3'><a class=\"ez-toc-link ez-toc-heading-20\" href=\"https:\/\/www.trabajoenzamora.com\/blog\/20-preguntas-y-respuestas-en-una-entrevista-de-trabajo\/#19_%C2%BFComo_maneja_la_critica\" >19. \u00bfC\u00f3mo maneja la cr\u00edtica?<\/a><\/li><li class='ez-toc-page-1 ez-toc-heading-level-3'><a class=\"ez-toc-link ez-toc-heading-21\" href=\"https:\/\/www.trabajoenzamora.com\/blog\/20-preguntas-y-respuestas-en-una-entrevista-de-trabajo\/#20_%C2%BFComo_maneja_el_fracaso\" >20. \u00bfC\u00f3mo maneja el fracaso?<\/a><\/li><\/ul><\/li><\/ul><\/nav><\/div>\n\n<h3><span class=\"ez-toc-section\" id=\"1_%C2%BFPor_que_quiere_trabajar_para_nuestra_empresa\"><\/span>1. \u00bfPor qu\u00e9 quiere trabajar para nuestra empresa?<span class=\"ez-toc-section-end\"><\/span><\/h3>\n<p>Tengo un gran inter\u00e9s en trabajar para su empresa porque admiro su \u00e9tica de trabajo y su compromiso con el desarrollo de sus empleados. Estoy seguro de que mi experiencia y conocimientos se pueden aplicar para contribuir al \u00e9xito de la empresa.<\/p>\n<h3><span class=\"ez-toc-section\" id=\"2_%C2%BFQue_es_lo_que_mas_le_gusta_de_su_trabajo_actual\"><\/span>2. \u00bfQu\u00e9 es lo que m\u00e1s le gusta de su trabajo actual?<span class=\"ez-toc-section-end\"><\/span><\/h3>\n<p>Lo que m\u00e1s me gusta de mi trabajo actual es la oportunidad que tengo de desarrollar mis habilidades y de trabajar con un equipo dedicado y motivado. Esto me ha permitido alcanzar grandes logros.<\/p>\n<h3><span class=\"ez-toc-section\" id=\"3_%C2%BFCuales_son_sus_principales_fortalezas\"><\/span>3. \u00bfCu\u00e1les son sus principales fortalezas?<span class=\"ez-toc-section-end\"><\/span><\/h3>\n<ul>\n<li>Creatividad<\/li>\n<li>Flexibilidad<\/li>\n<li>Resoluci\u00f3n de problemas<\/li>\n<li>Organizaci\u00f3n<\/li>\n<li>Trabajo en equipo<\/li>\n<\/ul>\n<h3><span class=\"ez-toc-section\" id=\"4_%C2%BFComo_se_mantiene_al_dia_con_la_tecnologia\"><\/span>4. \u00bfC\u00f3mo se mantiene al d\u00eda con la tecnolog\u00eda?<span class=\"ez-toc-section-end\"><\/span><\/h3>\n<p>Soy una persona curiosa por naturaleza y me encanta estar al d\u00eda con la tecnolog\u00eda. Me encanta leer art\u00edculos y tutoriales sobre nuevas herramientas y tecnolog\u00edas. Adem\u00e1s, me gusta asistir a seminarios y conferencias para aprender sobre las \u00faltimas tendencias.<\/p>\n<h3><span class=\"ez-toc-section\" id=\"5_%C2%BFQue_habilidades_espera_desarrollar_en_este_puesto\"><\/span>5. \u00bfQu\u00e9 habilidades espera desarrollar en este puesto?<span class=\"ez-toc-section-end\"><\/span><\/h3>\n<p>Espero desarrollar habilidades de liderazgo, comunicaci\u00f3n y organizaci\u00f3n. Adem\u00e1s, espero mejorar mis habilidades en el uso de herramientas y tecnolog\u00edas relacionadas con el puesto.<\/p>\n<h3><span class=\"ez-toc-section\" id=\"6_%C2%BFComo_maneja_el_trabajo_bajo_presion\"><\/span>6. \u00bfC\u00f3mo maneja el trabajo bajo presi\u00f3n?<span class=\"ez-toc-section-end\"><\/span><\/h3>\n<p>Soy capaz de trabajar bajo presi\u00f3n y mantener una mente clara y concentrada. Tengo una buena capacidad de gesti\u00f3n de tiempo y soy capaz de priorizar mis tareas para asegurar que todas se completen a tiempo.<\/p>\n<p><\/p>\n<div id='video-containerYnsaWbHyiHE' style='width:100%; height:auto; max-width:587px; position: relative;' onclick='var iframe = document.createElement(\"iframe\"); iframe.src = \"https:\/\/www.youtube.com\/embed\/YnsaWbHyiHE?autoplay=1\"; iframe.style.width = \"100%\"; iframe.style.maxWidth = \"800px\"; iframe.frameborder = 0; iframe.allowfullscreen = \"allowfullscreen\"; document.getElementById(\"video-containerYnsaWbHyiHE\").innerHTML = \"\"; document.getElementById(\"video-containerYnsaWbHyiHE\").appendChild(iframe);'>\n<div class='image-video-plugin' style='background:url(\"https:\/\/img.youtube.com\/vi\/YnsaWbHyiHE\/0.jpg\") center no-repeat; background-size: cover;'><\/div>\n<p><span class='youtube-play-button'><\/span><noscript><a href='https:\/\/www.youtube.com\/watch?v=YnsaWbHyiHE' target='_blank' rel=\"noopener\">Play on YouTube<\/a><\/noscript><\/div>\n<p><\/p>\n<h3><span class=\"ez-toc-section\" id=\"7_%C2%BFComo_lidia_con_la_retroalimentacion_negativa\"><\/span>7. \u00bfC\u00f3mo lidia con la retroalimentaci\u00f3n negativa?<span class=\"ez-toc-section-end\"><\/span><\/h3>\n<p>Acepto la retroalimentaci\u00f3n negativa de forma constructiva. Analizo cuidadosamente las cr\u00edticas y me esfuerzo por encontrar soluciones para mejorar mis habilidades y desempe\u00f1o.<\/p>\n<h3><span class=\"ez-toc-section\" id=\"8_%C2%BFQue_es_lo_que_mas_le_gusta_de_su_trabajo_actual\"><\/span>8. \u00bfQu\u00e9 es lo que m\u00e1s le gusta de su trabajo actual?<span class=\"ez-toc-section-end\"><\/span><\/h3>\n<p>Lo que m\u00e1s me gusta de mi trabajo actual es la oportunidad que tengo de desarrollar mis habilidades y de trabajar con un equipo dedicado y motivado. Esto me ha permitido alcanzar grandes logros.<\/p>\n<h3><span class=\"ez-toc-section\" id=\"9_%C2%BFComo_describe_su_trabajo_en_equipo\"><\/span>9. \u00bfC\u00f3mo describe su trabajo en equipo?<span class=\"ez-toc-section-end\"><\/span><\/h3>\n<p>Me gusta trabajar en equipo porque creo que es una excelente forma de aprovechar los talentos y habilidades de todos los miembros. Me encanta escuchar las ideas de los dem\u00e1s y trabajar para encontrar soluciones creativas.<\/p>\n<h3><span class=\"ez-toc-section\" id=\"10_%C2%BFComo_se_motiva_a_si_mismo_para_lograr_los_objetivos\"><\/span>10. \u00bfC\u00f3mo se motiva a s\u00ed mismo para lograr los objetivos?<span class=\"ez-toc-section-end\"><\/span><\/h3>\n<p>Establezco objetivos a corto y largo plazo para mantenerme motivado. Establezco metas realistas y me esfuerzo por alcanzarlas. Adem\u00e1s, me recompenso cuando logro alcanzar mis objetivos.<\/p>\n<h3><span class=\"ez-toc-section\" id=\"11_%C2%BFQue_es_lo_que_mas_le_gusta_de_la_industria_en_la_que_trabaja\"><\/span>11. \u00bfQu\u00e9 es lo que m\u00e1s le gusta de la industria en la que trabaja?<span class=\"ez-toc-section-end\"><\/span><\/h3>\n<p>Me gusta que la industria en la que trabajo est\u00e1 en constante evoluci\u00f3n. Esto me permite aprender y desarrollar nuevas habilidades para seguir siendo competitivo.<\/p>\n<h3><span class=\"ez-toc-section\" id=\"12_%C2%BFComo_maneja_los_conflictos\"><\/span>12. \u00bfC\u00f3mo maneja los conflictos?<span class=\"ez-toc-section-end\"><\/span><\/h3>\n<p>Cuando surgen conflictos en el trabajo, trato de escuchar y entender las perspectivas de todos los involucrados. Me esfuerzo por encontrar una soluci\u00f3n que satisfaga a todas las partes involucradas.<\/p>\n<h3><span class=\"ez-toc-section\" id=\"13_%C2%BFQue_cree_que_hace_que_sea_un_buen_lider\"><\/span>13. \u00bfQu\u00e9 cree que hace que sea un buen l\u00edder?<span class=\"ez-toc-section-end\"><\/span><\/h3>\n<p>Creo que para ser un buen l\u00edder es necesario ser un buen comunicador. Me esfuerzo por escuchar y entender las perspectivas de todos los miembros del equipo y trabajo para inspirar y motivar a todos para alcanzar los objetivos.<\/p>\n<h3><span class=\"ez-toc-section\" id=\"14_%C2%BFComo_maneja_la_toma_de_decisiones\"><\/span>14. \u00bfC\u00f3mo maneja la toma de decisiones?<span class=\"ez-toc-section-end\"><\/span><\/h3>\n<p>Me esfuerzo por tomar decisiones basadas en hechos y datos. Tambi\u00e9n trato de considerar todas las perspectivas y escuchar los consejos de mi equipo antes de tomar una decisi\u00f3n.<\/p>\n<h3><span class=\"ez-toc-section\" id=\"15_%C2%BFComo_se_adapta_a_los_cambios\"><\/span>15. \u00bfC\u00f3mo se adapta a los cambios?<span class=\"ez-toc-section-end\"><\/span><\/h3>\n<p>Soy una persona flexible y adaptable. Me encanta aprender nuevas habilidades y trabajar con nuevas herramientas. Me esfuerzo por entender los cambios y trabajar para asegurar que se implementen de forma eficaz.<\/p>\n<h3><span class=\"ez-toc-section\" id=\"16_%C2%BFComo_gestiona_el_tiempo\"><\/span>16. \u00bfC\u00f3mo gestiona el tiempo?<span class=\"ez-toc-section-end\"><\/span><\/h3>\n<p>Me esfuerzo por ser organizado y establecer prioridades para asegurar que todas mis tareas se completen a tiempo. Establezco metas realistas y me esfuerzo por alcanzarlas.<\/p>\n<h3><span class=\"ez-toc-section\" id=\"17_%C2%BFComo_motiva_a_otros\"><\/span>17. \u00bfC\u00f3mo motiva a otros?<span class=\"ez-toc-section-end\"><\/span><\/h3>\n<p>Me esfuerzo por comprender las fortalezas y debilidades de los dem\u00e1s. Trato de alentar a los dem\u00e1s para que alcancen sus objetivos y creo un entorno de trabajo positivo para fomentar la motivaci\u00f3n.<\/p>\n<h3><span class=\"ez-toc-section\" id=\"18_%C2%BFComo_se_asegura_de_cumplir_los_objetivos\"><\/span>18. \u00bfC\u00f3mo se asegura de cumplir los objetivos?<span class=\"ez-toc-section-end\"><\/span><\/h3>\n<p>Me esfuerzo por establecer objetivos realistas y alcanzables. Establezco hitos y me esfuerzo por alcanzarlos a tiempo. Me aseguro de mantener una comunicaci\u00f3n clara con mi equipo para asegurar que todos est\u00e9n al tanto de los objetivos y de los avances.<\/p>\n<h3><span class=\"ez-toc-section\" id=\"19_%C2%BFComo_maneja_la_critica\"><\/span>19. \u00bfC\u00f3mo maneja la cr\u00edtica?<span class=\"ez-toc-section-end\"><\/span><\/h3>\n<p>Acepto la cr\u00edtica constructiva como una oportunidad para aprender y mejorar. Me esfuerzo por comprender la perspectiva de los dem\u00e1s y trabajar para encontrar soluciones que satisfagan a todas las partes involucradas.<\/p>\n<h3><span class=\"ez-toc-section\" id=\"20_%C2%BFComo_maneja_el_fracaso\"><\/span>20. \u00bfC\u00f3mo maneja el fracaso?<span class=\"ez-toc-section-end\"><\/span><\/h3>\n<p>Acepto el fracaso como una oportunidad para aprender. Me esfuerzo por comprender mis errores y trabajar para evitar que vuelvan a suceder. Me esfuerzo por extraer lecciones valiosas de mis fracasos para seguir avanzando.<\/p>\n<p><strong>Esperamos que estas preguntas y respuestas en una entrevista de trabajo te ayuden a prepararte al m\u00e1ximo para tu entrevista. Recuerda que lo m\u00e1s importante es ser honesto y mostrar tu pasi\u00f3n y compromiso con el puesto de trabajo. \u00a1Buena suerte!<\/strong><\/p>\n<link rel='stylesheet' href='https:\/\/www.trabajoenzamora.com\/blog\/wp-content\/plugins\/aitomaticblog\/public\/css\/style-iyr.css' type='text\/css' media='all' \/>\n","protected":false},"excerpt":{"rendered":"<p>\u00bfEst\u00e1s preparado para la entrevista de trabajo? La entrevista de trabajo es una etapa importante en el proceso de reclutamiento. Las preguntas y respuestas en [&hellip;]<\/p>\n","protected":false},"author":1,"featured_media":2451,"comment_status":"open","ping_status":"","sticky":false,"template":"","format":"standard","meta":{"_uag_custom_page_level_css":"","site-sidebar-layout":"default","site-content-layout":"","ast-site-content-layout":"default","site-content-style":"default","site-sidebar-style":"default","ast-global-header-display":"","ast-banner-title-visibility":"","ast-main-header-display":"","ast-hfb-above-header-display":"","ast-hfb-below-header-display":"","ast-hfb-mobile-header-display":"","site-post-title":"","ast-breadcrumbs-content":"","ast-featured-img":"","footer-sml-layout":"","ast-disable-related-posts":"","theme-transparent-header-meta":"","adv-header-id-meta":"","stick-header-meta":"","header-above-stick-meta":"","header-main-stick-meta":"","header-below-stick-meta":"","astra-migrate-meta-layouts":"default","ast-page-background-enabled":"default","ast-page-background-meta":{"desktop":{"background-color":"var(--ast-global-color-4)","background-image":"","background-repeat":"repeat","background-position":"center center","background-size":"auto","background-attachment":"scroll","background-type":"","background-media":"","overlay-type":"","overlay-color":"","overlay-opacity":"","overlay-gradient":""},"tablet":{"background-color":"","background-image":"","background-repeat":"repeat","background-position":"center center","background-size":"auto","background-attachment":"scroll","background-type":"","background-media":"","overlay-type":"","overlay-color":"","overlay-opacity":"","overlay-gradient":""},"mobile":{"background-color":"","background-image":"","background-repeat":"repeat","background-position":"center center","background-size":"auto","background-attachment":"scroll","background-type":"","background-media":"","overlay-type":"","overlay-color":"","overlay-opacity":"","overlay-gradient":""}},"ast-content-background-meta":{"desktop":{"background-color":"var(--ast-global-color-5)","background-image":"","background-repeat":"repeat","background-position":"center center","background-size":"auto","background-attachment":"scroll","background-type":"","background-media":"","overlay-type":"","overlay-color":"","overlay-opacity":"","overlay-gradient":""},"tablet":{"background-color":"var(--ast-global-color-5)","background-image":"","background-repeat":"repeat","background-position":"center center","background-size":"auto","background-attachment":"scroll","background-type":"","background-media":"","overlay-type":"","overlay-color":"","overlay-opacity":"","overlay-gradient":""},"mobile":{"background-color":"var(--ast-global-color-5)","background-image":"","background-repeat":"repeat","background-position":"center center","background-size":"auto","background-attachment":"scroll","background-type":"","background-media":"","overlay-type":"","overlay-color":"","overlay-opacity":"","overlay-gradient":""}},"footnotes":""},"categories":[295],"tags":[],"class_list":["post-2450","post","type-post","status-publish","format-standard","has-post-thumbnail","hentry","category-entrevistas-de-trabajo"],"uagb_featured_image_src":{"full":["https:\/\/www.trabajoenzamora.com\/blog\/wp-content\/uploads\/2023\/04\/20-preguntas-y-respuestas-en-una-entrevista-de-trabajo.jpg",711,400,false],"thumbnail":["https:\/\/www.trabajoenzamora.com\/blog\/wp-content\/uploads\/2023\/04\/20-preguntas-y-respuestas-en-una-entrevista-de-trabajo-150x150.jpg",150,150,true],"medium":["https:\/\/www.trabajoenzamora.com\/blog\/wp-content\/uploads\/2023\/04\/20-preguntas-y-respuestas-en-una-entrevista-de-trabajo.jpg",300,169,false],"medium_large":["https:\/\/www.trabajoenzamora.com\/blog\/wp-content\/uploads\/2023\/04\/20-preguntas-y-respuestas-en-una-entrevista-de-trabajo.jpg",711,400,false],"large":["https:\/\/www.trabajoenzamora.com\/blog\/wp-content\/uploads\/2023\/04\/20-preguntas-y-respuestas-en-una-entrevista-de-trabajo.jpg",711,400,true],"1536x1536":["https:\/\/www.trabajoenzamora.com\/blog\/wp-content\/uploads\/2023\/04\/20-preguntas-y-respuestas-en-una-entrevista-de-trabajo.jpg",711,400,false],"2048x2048":["https:\/\/www.trabajoenzamora.com\/blog\/wp-content\/uploads\/2023\/04\/20-preguntas-y-respuestas-en-una-entrevista-de-trabajo.jpg",711,400,false]},"uagb_author_info":{"display_name":"xenonfactory","author_link":"https:\/\/www.trabajoenzamora.com\/blog\/author\/xenonfactory\/"},"uagb_comment_info":0,"uagb_excerpt":"\u00bfEst\u00e1s preparado para la entrevista de trabajo? La entrevista de trabajo es una etapa importante en el proceso de reclutamiento. Las preguntas y respuestas en [&hellip;]","amp_enabled":true,"_links":{"self":[{"href":"https:\/\/www.trabajoenzamora.com\/blog\/wp-json\/wp\/v2\/posts\/2450","targetHints":{"allow":["GET"]}}],"collection":[{"href":"https:\/\/www.trabajoenzamora.com\/blog\/wp-json\/wp\/v2\/posts"}],"about":[{"href":"https:\/\/www.trabajoenzamora.com\/blog\/wp-json\/wp\/v2\/types\/post"}],"author":[{"embeddable":true,"href":"https:\/\/www.trabajoenzamora.com\/blog\/wp-json\/wp\/v2\/users\/1"}],"replies":[{"embeddable":true,"href":"https:\/\/www.trabajoenzamora.com\/blog\/wp-json\/wp\/v2\/comments?post=2450"}],"version-history":[{"count":0,"href":"https:\/\/www.trabajoenzamora.com\/blog\/wp-json\/wp\/v2\/posts\/2450\/revisions"}],"wp:featuredmedia":[{"embeddable":true,"href":"https:\/\/www.trabajoenzamora.com\/blog\/wp-json\/wp\/v2\/media\/2451"}],"wp:attachment":[{"href":"https:\/\/www.trabajoenzamora.com\/blog\/wp-json\/wp\/v2\/media?parent=2450"}],"wp:term":[{"taxonomy":"category","embeddable":true,"href":"https:\/\/www.trabajoenzamora.com\/blog\/wp-json\/wp\/v2\/categories?post=2450"},{"taxonomy":"post_tag","embeddable":true,"href":"https:\/\/www.trabajoenzamora.com\/blog\/wp-json\/wp\/v2\/tags?post=2450"}],"curies":[{"name":"wp","href":"https:\/\/api.w.org\/{rel}","templated":true}]}}