{"id":2410,"date":"2023-04-22T14:05:05","date_gmt":"2023-04-22T12:05:05","guid":{"rendered":"https:\/\/www.trabajoenzamora.com\/blog\/?p=2410"},"modified":"2023-04-22T14:05:05","modified_gmt":"2023-04-22T12:05:05","slug":"como-redactar-el-objetivo-profesional-en-un-curriculum","status":"publish","type":"post","link":"https:\/\/www.trabajoenzamora.com\/blog\/como-redactar-el-objetivo-profesional-en-un-curriculum\/","title":{"rendered":"Consejos expertos: C\u00f3mo redactar el objetivo profesional perfecto en tu curr\u00edculum y destacar entre los dem\u00e1s"},"content":{"rendered":"<h2><span class=\"ez-toc-section\" id=\"%C2%BFQue_es_el_objetivo_profesional_en_el_curriculum\"><\/span>\u00bfQu\u00e9 es el objetivo profesional en el curr\u00edculum?<span class=\"ez-toc-section-end\"><\/span><\/h2><div id=\"ez-toc-container\" class=\"ez-toc-v2_0_82_2 counter-hierarchy ez-toc-counter ez-toc-custom ez-toc-container-direction\">\n<p class=\"ez-toc-title\" style=\"cursor:inherit\">Contenidos<\/p>\n<label for=\"ez-toc-cssicon-toggle-item-69f53fdbea90e\" class=\"ez-toc-cssicon-toggle-label\"><span class=\"ez-toc-cssicon\"><span class=\"eztoc-hide\" style=\"display:none;\">Toggle<\/span><span class=\"ez-toc-icon-toggle-span\"><svg style=\"fill: #686868;color:#686868\" xmlns=\"http:\/\/www.w3.org\/2000\/svg\" class=\"list-377408\" width=\"20px\" height=\"20px\" viewBox=\"0 0 24 24\" fill=\"none\"><path d=\"M6 6H4v2h2V6zm14 0H8v2h12V6zM4 11h2v2H4v-2zm16 0H8v2h12v-2zM4 16h2v2H4v-2zm16 0H8v2h12v-2z\" fill=\"currentColor\"><\/path><\/svg><svg style=\"fill: #686868;color:#686868\" class=\"arrow-unsorted-368013\" xmlns=\"http:\/\/www.w3.org\/2000\/svg\" width=\"10px\" height=\"10px\" viewBox=\"0 0 24 24\" version=\"1.2\" baseProfile=\"tiny\"><path d=\"M18.2 9.3l-6.2-6.3-6.2 6.3c-.2.2-.3.4-.3.7s.1.5.3.7c.2.2.4.3.7.3h11c.3 0 .5-.1.7-.3.2-.2.3-.5.3-.7s-.1-.5-.3-.7zM5.8 14.7l6.2 6.3 6.2-6.3c.2-.2.3-.5.3-.7s-.1-.5-.3-.7c-.2-.2-.4-.3-.7-.3h-11c-.3 0-.5.1-.7.3-.2.2-.3.5-.3.7s.1.5.3.7z\"\/><\/svg><\/span><\/span><\/label><input type=\"checkbox\"  id=\"ez-toc-cssicon-toggle-item-69f53fdbea90e\"  aria-label=\"Alternar\" \/><nav><ul class='ez-toc-list ez-toc-list-level-1 ' ><li class='ez-toc-page-1 ez-toc-heading-level-2'><a class=\"ez-toc-link ez-toc-heading-1\" href=\"https:\/\/www.trabajoenzamora.com\/blog\/como-redactar-el-objetivo-profesional-en-un-curriculum\/#%C2%BFQue_es_el_objetivo_profesional_en_el_curriculum\" >\u00bfQu\u00e9 es el objetivo profesional en el curr\u00edculum?<\/a><\/li><li class='ez-toc-page-1 ez-toc-heading-level-2'><a class=\"ez-toc-link ez-toc-heading-2\" href=\"https:\/\/www.trabajoenzamora.com\/blog\/como-redactar-el-objetivo-profesional-en-un-curriculum\/#Consejos_para_redactar_el_objetivo_profesional\" >Consejos para redactar el objetivo profesional<\/a><ul class='ez-toc-list-level-3' ><li class='ez-toc-heading-level-3'><a class=\"ez-toc-link ez-toc-heading-3\" href=\"https:\/\/www.trabajoenzamora.com\/blog\/como-redactar-el-objetivo-profesional-en-un-curriculum\/#1_Se_claro_y_conciso\" >1. S\u00e9 claro y conciso<\/a><\/li><li class='ez-toc-page-1 ez-toc-heading-level-3'><a class=\"ez-toc-link ez-toc-heading-4\" href=\"https:\/\/www.trabajoenzamora.com\/blog\/como-redactar-el-objetivo-profesional-en-un-curriculum\/#2_Utiliza_palabras_clave\" >2. Utiliza palabras clave<\/a><\/li><li class='ez-toc-page-1 ez-toc-heading-level-3'><a class=\"ez-toc-link ez-toc-heading-5\" href=\"https:\/\/www.trabajoenzamora.com\/blog\/como-redactar-el-objetivo-profesional-en-un-curriculum\/#3_Personaliza_el_objetivo_profesional\" >3. Personaliza el objetivo profesional<\/a><\/li><\/ul><\/li><li class='ez-toc-page-1 ez-toc-heading-level-2'><a class=\"ez-toc-link ez-toc-heading-6\" href=\"https:\/\/www.trabajoenzamora.com\/blog\/como-redactar-el-objetivo-profesional-en-un-curriculum\/#Conclusion\" >Conclusi\u00f3n<\/a><\/li><\/ul><\/nav><\/div>\n\n<p>El objetivo profesional es una breve declaraci\u00f3n que se coloca al inicio del curr\u00edculum vitae y su objetivo es resumir en una o dos frases cu\u00e1l es la meta que se busca alcanzar como profesional y qu\u00e9 se espera conseguir con el empleo al que se est\u00e1 aplicando. La redacci\u00f3n del objetivo profesional es importante porque es la primera impresi\u00f3n que tendr\u00e1n los reclutadores sobre su perfil profesional.<\/p>\n<h2><span class=\"ez-toc-section\" id=\"Consejos_para_redactar_el_objetivo_profesional\"><\/span>Consejos para redactar el objetivo profesional<span class=\"ez-toc-section-end\"><\/span><\/h2>\n<h3><span class=\"ez-toc-section\" id=\"1_Se_claro_y_conciso\"><\/span>1. S\u00e9 claro y conciso<span class=\"ez-toc-section-end\"><\/span><\/h3>\n<p>La redacci\u00f3n del objetivo profesional debe ser clara y concisa, utilizando lenguaje sencillo y f\u00e1cil de entender, sin palabras rebuscadas ni tecnicismos. Debe ser una oraci\u00f3n corta que permita al reclutador identificar r\u00e1pidamente el perfil del candidato y el tipo de puesto que se est\u00e1 buscando.<\/p>\n<ul>\n<li><strong>Ejemplo 1:<\/strong> Busco una posici\u00f3n laboral en el \u00e1rea de marketing digital donde pueda aplicar mis habilidades en SEO y redes sociales para desarrollar campa\u00f1as exitosas para mis clientes.<\/li>\n<li><strong>Ejemplo 2:<\/strong> Soy un dise\u00f1ador gr\u00e1fico con experiencia en la creaci\u00f3n de contenidos visuales para redes sociales y busco una oportunidad para seguir desarrollando mi carrera en una agencia creativa.<\/li>\n<\/ul>\n<p><\/p>\n<div id='video-containerfzLa8w1ZZH4' style='width:100%; height:auto; max-width:587px; position: relative;' onclick='var iframe = document.createElement(\"iframe\"); iframe.src = \"https:\/\/www.youtube.com\/embed\/fzLa8w1ZZH4?autoplay=1\"; iframe.style.width = \"100%\"; iframe.style.maxWidth = \"800px\"; iframe.frameborder = 0; iframe.allowfullscreen = \"allowfullscreen\"; document.getElementById(\"video-containerfzLa8w1ZZH4\").innerHTML = \"\"; document.getElementById(\"video-containerfzLa8w1ZZH4\").appendChild(iframe);'>\n<div class='image-video-plugin' style='background:url(\"https:\/\/img.youtube.com\/vi\/fzLa8w1ZZH4\/0.jpg\") center no-repeat; background-size: cover;'><\/div>\n<p><span class='youtube-play-button'><\/span><noscript><a href='https:\/\/www.youtube.com\/watch?v=fzLa8w1ZZH4' target='_blank' rel=\"noopener\">Play on YouTube<\/a><\/noscript><\/div>\n<p><\/p>\n<h3><span class=\"ez-toc-section\" id=\"2_Utiliza_palabras_clave\"><\/span>2. Utiliza palabras clave<span class=\"ez-toc-section-end\"><\/span><\/h3>\n<p>Es importante utilizar palabras clave que est\u00e9n relacionadas con el puesto de trabajo y el sector en el que se quiere trabajar. De esta manera, se lograr\u00e1 destacar entre otros candidatos y llamar la atenci\u00f3n del reclutador.<\/p>\n<ul>\n<li><strong>Ejemplo 1:<\/strong> Soy un especialista en marketing digital con experiencia en SEO, SEM y gesti\u00f3n de redes sociales. Me gustar\u00eda formar parte de una empresa l\u00edder en el desarrollo de estrategias de marketing online.<\/li>\n<li><strong>Ejemplo 2:<\/strong> Soy un desarrollador web con amplios conocimientos en HTML, CSS y JavaScript. Busco una oportunidad en una empresa tecnol\u00f3gica donde pueda seguir aprendiendo y aportando mis conocimientos.<\/li>\n<\/ul>\n<h3><span class=\"ez-toc-section\" id=\"3_Personaliza_el_objetivo_profesional\"><\/span>3. Personaliza el objetivo profesional<span class=\"ez-toc-section-end\"><\/span><\/h3>\n<p>No existe una \u00fanica f\u00f3rmula para redactar el objetivo profesional, por lo que es importante personalizarlo en funci\u00f3n del puesto de trabajo y de la empresa a la que se est\u00e1 aplicando. Se debe investigar la cultura empresarial y el tipo de trabajo que se realiza para poder adaptar la redacci\u00f3n del objetivo profesional a las necesidades espec\u00edficas del puesto.<\/p>\n<ul>\n<li><strong>Ejemplo:<\/strong> Me gustar\u00eda formar parte del equipo de marketing de una empresa tecnol\u00f3gica innovadora donde pueda aplicar mis conocimientos en el desarrollo de estrategias de contenido creativas y efectivas.<\/li>\n<\/ul>\n<h2><span class=\"ez-toc-section\" id=\"Conclusion\"><\/span>Conclusi\u00f3n<span class=\"ez-toc-section-end\"><\/span><\/h2>\n<p>En resumen, el objetivo profesional es una parte importante del curr\u00edculum vitae que debe estar bien redactado y destacar los puntos fuertes del candidato. La clave para redactarlo est\u00e1 en ser claro y conciso, utilizar palabras clave relacionadas con el puesto de trabajo y personalizarlo en funci\u00f3n del trabajo y la empresa a la que se est\u00e1 aplicando.<\/p>\n<link rel='stylesheet' href='https:\/\/www.trabajoenzamora.com\/blog\/wp-content\/plugins\/aitomaticblog\/public\/css\/style-iyr.css' type='text\/css' media='all' \/>\n","protected":false},"excerpt":{"rendered":"<p>\u00bfQu\u00e9 es el objetivo profesional en el curr\u00edculum? El objetivo profesional es una breve declaraci\u00f3n que se coloca al inicio del curr\u00edculum vitae y su [&hellip;]<\/p>\n","protected":false},"author":1,"featured_media":2411,"comment_status":"open","ping_status":"","sticky":false,"template":"","format":"standard","meta":{"_uag_custom_page_level_css":"","site-sidebar-layout":"default","site-content-layout":"","ast-site-content-layout":"default","site-content-style":"default","site-sidebar-style":"default","ast-global-header-display":"","ast-banner-title-visibility":"","ast-main-header-display":"","ast-hfb-above-header-display":"","ast-hfb-below-header-display":"","ast-hfb-mobile-header-display":"","site-post-title":"","ast-breadcrumbs-content":"","ast-featured-img":"","footer-sml-layout":"","ast-disable-related-posts":"","theme-transparent-header-meta":"","adv-header-id-meta":"","stick-header-meta":"","header-above-stick-meta":"","header-main-stick-meta":"","header-below-stick-meta":"","astra-migrate-meta-layouts":"default","ast-page-background-enabled":"default","ast-page-background-meta":{"desktop":{"background-color":"var(--ast-global-color-4)","background-image":"","background-repeat":"repeat","background-position":"center center","background-size":"auto","background-attachment":"scroll","background-type":"","background-media":"","overlay-type":"","overlay-color":"","overlay-opacity":"","overlay-gradient":""},"tablet":{"background-color":"","background-image":"","background-repeat":"repeat","background-position":"center center","background-size":"auto","background-attachment":"scroll","background-type":"","background-media":"","overlay-type":"","overlay-color":"","overlay-opacity":"","overlay-gradient":""},"mobile":{"background-color":"","background-image":"","background-repeat":"repeat","background-position":"center center","background-size":"auto","background-attachment":"scroll","background-type":"","background-media":"","overlay-type":"","overlay-color":"","overlay-opacity":"","overlay-gradient":""}},"ast-content-background-meta":{"desktop":{"background-color":"var(--ast-global-color-5)","background-image":"","background-repeat":"repeat","background-position":"center center","background-size":"auto","background-attachment":"scroll","background-type":"","background-media":"","overlay-type":"","overlay-color":"","overlay-opacity":"","overlay-gradient":""},"tablet":{"background-color":"var(--ast-global-color-5)","background-image":"","background-repeat":"repeat","background-position":"center center","background-size":"auto","background-attachment":"scroll","background-type":"","background-media":"","overlay-type":"","overlay-color":"","overlay-opacity":"","overlay-gradient":""},"mobile":{"background-color":"var(--ast-global-color-5)","background-image":"","background-repeat":"repeat","background-position":"center center","background-size":"auto","background-attachment":"scroll","background-type":"","background-media":"","overlay-type":"","overlay-color":"","overlay-opacity":"","overlay-gradient":""}},"footnotes":""},"categories":[1],"tags":[],"class_list":["post-2410","post","type-post","status-publish","format-standard","has-post-thumbnail","hentry","category-hacer-un-curriculum"],"uagb_featured_image_src":{"full":["https:\/\/www.trabajoenzamora.com\/blog\/wp-content\/uploads\/2023\/04\/Como-redactar-el-objetivo-profesional-en-un-curriculum.jpg",711,400,false],"thumbnail":["https:\/\/www.trabajoenzamora.com\/blog\/wp-content\/uploads\/2023\/04\/Como-redactar-el-objetivo-profesional-en-un-curriculum-150x150.jpg",150,150,true],"medium":["https:\/\/www.trabajoenzamora.com\/blog\/wp-content\/uploads\/2023\/04\/Como-redactar-el-objetivo-profesional-en-un-curriculum.jpg",300,169,false],"medium_large":["https:\/\/www.trabajoenzamora.com\/blog\/wp-content\/uploads\/2023\/04\/Como-redactar-el-objetivo-profesional-en-un-curriculum.jpg",711,400,false],"large":["https:\/\/www.trabajoenzamora.com\/blog\/wp-content\/uploads\/2023\/04\/Como-redactar-el-objetivo-profesional-en-un-curriculum.jpg",711,400,true],"1536x1536":["https:\/\/www.trabajoenzamora.com\/blog\/wp-content\/uploads\/2023\/04\/Como-redactar-el-objetivo-profesional-en-un-curriculum.jpg",711,400,false],"2048x2048":["https:\/\/www.trabajoenzamora.com\/blog\/wp-content\/uploads\/2023\/04\/Como-redactar-el-objetivo-profesional-en-un-curriculum.jpg",711,400,false]},"uagb_author_info":{"display_name":"xenonfactory","author_link":"https:\/\/www.trabajoenzamora.com\/blog\/author\/xenonfactory\/"},"uagb_comment_info":0,"uagb_excerpt":"\u00bfQu\u00e9 es el objetivo profesional en el curr\u00edculum? El objetivo profesional es una breve declaraci\u00f3n que se coloca al inicio del curr\u00edculum vitae y su [&hellip;]","amp_enabled":true,"_links":{"self":[{"href":"https:\/\/www.trabajoenzamora.com\/blog\/wp-json\/wp\/v2\/posts\/2410","targetHints":{"allow":["GET"]}}],"collection":[{"href":"https:\/\/www.trabajoenzamora.com\/blog\/wp-json\/wp\/v2\/posts"}],"about":[{"href":"https:\/\/www.trabajoenzamora.com\/blog\/wp-json\/wp\/v2\/types\/post"}],"author":[{"embeddable":true,"href":"https:\/\/www.trabajoenzamora.com\/blog\/wp-json\/wp\/v2\/users\/1"}],"replies":[{"embeddable":true,"href":"https:\/\/www.trabajoenzamora.com\/blog\/wp-json\/wp\/v2\/comments?post=2410"}],"version-history":[{"count":0,"href":"https:\/\/www.trabajoenzamora.com\/blog\/wp-json\/wp\/v2\/posts\/2410\/revisions"}],"wp:featuredmedia":[{"embeddable":true,"href":"https:\/\/www.trabajoenzamora.com\/blog\/wp-json\/wp\/v2\/media\/2411"}],"wp:attachment":[{"href":"https:\/\/www.trabajoenzamora.com\/blog\/wp-json\/wp\/v2\/media?parent=2410"}],"wp:term":[{"taxonomy":"category","embeddable":true,"href":"https:\/\/www.trabajoenzamora.com\/blog\/wp-json\/wp\/v2\/categories?post=2410"},{"taxonomy":"post_tag","embeddable":true,"href":"https:\/\/www.trabajoenzamora.com\/blog\/wp-json\/wp\/v2\/tags?post=2410"}],"curies":[{"name":"wp","href":"https:\/\/api.w.org\/{rel}","templated":true}]}}