{"id":2388,"date":"2023-04-22T03:05:03","date_gmt":"2023-04-22T01:05:03","guid":{"rendered":"https:\/\/www.trabajoenzamora.com\/blog\/?p=2388"},"modified":"2023-04-22T03:05:03","modified_gmt":"2023-04-22T01:05:03","slug":"como-poner-las-practicas-en-un-curriculum","status":"publish","type":"post","link":"https:\/\/www.trabajoenzamora.com\/blog\/como-poner-las-practicas-en-un-curriculum\/","title":{"rendered":"C\u00f3mo destacar tus pr\u00e1cticas en el curr\u00edculum: Consejos y ejemplos para impresionar a los empleadores"},"content":{"rendered":"<nav>\n<ul>\n<li><a href=\"#porqu\u00e9\">Porqu\u00e9 poner las pr\u00e1cticas en el curr\u00edculum<\/a><\/li>\n<li><a href=\"#d\u00f3nde\">C\u00f3mo incluir las pr\u00e1cticas en el curr\u00edculum<\/a><\/li>\n<li><a href=\"#ejemplo\">Ejemplo de c\u00f3mo poner las pr\u00e1cticas en un curr\u00edculum<\/a><\/li>\n<\/ul>\n<\/nav>\n<p>    <main><\/p>\n<h2 id=\"porqu\u00e9\"><span class=\"ez-toc-section\" id=\"Porque_poner_las_practicas_en_el_curriculum\"><\/span>Porqu\u00e9 poner las pr\u00e1cticas en el curr\u00edculum<span class=\"ez-toc-section-end\"><\/span><\/h2><div id=\"ez-toc-container\" class=\"ez-toc-v2_0_82_2 counter-hierarchy ez-toc-counter ez-toc-custom ez-toc-container-direction\">\n<p class=\"ez-toc-title\" style=\"cursor:inherit\">Contenidos<\/p>\n<label for=\"ez-toc-cssicon-toggle-item-69f553b019011\" class=\"ez-toc-cssicon-toggle-label\"><span class=\"ez-toc-cssicon\"><span class=\"eztoc-hide\" style=\"display:none;\">Toggle<\/span><span class=\"ez-toc-icon-toggle-span\"><svg style=\"fill: #686868;color:#686868\" xmlns=\"http:\/\/www.w3.org\/2000\/svg\" class=\"list-377408\" width=\"20px\" height=\"20px\" viewBox=\"0 0 24 24\" fill=\"none\"><path d=\"M6 6H4v2h2V6zm14 0H8v2h12V6zM4 11h2v2H4v-2zm16 0H8v2h12v-2zM4 16h2v2H4v-2zm16 0H8v2h12v-2z\" fill=\"currentColor\"><\/path><\/svg><svg style=\"fill: #686868;color:#686868\" class=\"arrow-unsorted-368013\" xmlns=\"http:\/\/www.w3.org\/2000\/svg\" width=\"10px\" height=\"10px\" viewBox=\"0 0 24 24\" version=\"1.2\" baseProfile=\"tiny\"><path d=\"M18.2 9.3l-6.2-6.3-6.2 6.3c-.2.2-.3.4-.3.7s.1.5.3.7c.2.2.4.3.7.3h11c.3 0 .5-.1.7-.3.2-.2.3-.5.3-.7s-.1-.5-.3-.7zM5.8 14.7l6.2 6.3 6.2-6.3c.2-.2.3-.5.3-.7s-.1-.5-.3-.7c-.2-.2-.4-.3-.7-.3h-11c-.3 0-.5.1-.7.3-.2.2-.3.5-.3.7s.1.5.3.7z\"\/><\/svg><\/span><\/span><\/label><input type=\"checkbox\"  id=\"ez-toc-cssicon-toggle-item-69f553b019011\"  aria-label=\"Alternar\" \/><nav><ul class='ez-toc-list ez-toc-list-level-1 ' ><li class='ez-toc-page-1 ez-toc-heading-level-2'><a class=\"ez-toc-link ez-toc-heading-1\" href=\"https:\/\/www.trabajoenzamora.com\/blog\/como-poner-las-practicas-en-un-curriculum\/#Porque_poner_las_practicas_en_el_curriculum\" >Porqu\u00e9 poner las pr\u00e1cticas en el curr\u00edculum<\/a><\/li><li class='ez-toc-page-1 ez-toc-heading-level-2'><a class=\"ez-toc-link ez-toc-heading-2\" href=\"https:\/\/www.trabajoenzamora.com\/blog\/como-poner-las-practicas-en-un-curriculum\/#Como_incluir_las_practicas_en_el_curriculum\" >C\u00f3mo incluir las pr\u00e1cticas en el curr\u00edculum<\/a><ul class='ez-toc-list-level-3' ><li class='ez-toc-heading-level-3'><a class=\"ez-toc-link ez-toc-heading-3\" href=\"https:\/\/www.trabajoenzamora.com\/blog\/como-poner-las-practicas-en-un-curriculum\/#Lista_de_verificacion\" >Lista de verificaci\u00f3n:<\/a><\/li><\/ul><\/li><li class='ez-toc-page-1 ez-toc-heading-level-2'><a class=\"ez-toc-link ez-toc-heading-4\" href=\"https:\/\/www.trabajoenzamora.com\/blog\/como-poner-las-practicas-en-un-curriculum\/#Ejemplo_de_como_poner_las_practicas_en_un_curriculum\" >Ejemplo de c\u00f3mo poner las pr\u00e1cticas en un curr\u00edculum<\/a><ul class='ez-toc-list-level-3' ><li class='ez-toc-heading-level-3'><a class=\"ez-toc-link ez-toc-heading-5\" href=\"https:\/\/www.trabajoenzamora.com\/blog\/como-poner-las-practicas-en-un-curriculum\/#Experiencia_Laboral\" >Experiencia Laboral<\/a><\/li><\/ul><\/li><\/ul><\/nav><\/div>\n\n<p>\n        Las <strong>pr\u00e1cticas profesionales<\/strong> son una oportunidad valiosa para los estudiantes o personas que est\u00e1n buscando trabajo por primera vez, ya que les permiten adquirir experiencia en una industria o campo espec\u00edfico. Incluir estas pr\u00e1cticas en el curr\u00edculum es importante porque <strong>pueden marcar la diferencia<\/strong> entre conseguir una entrevista y ser descartado de la lista de candidatos.\n      <\/p>\n<p>\n        Adem\u00e1s, los empleadores a menudo buscan candidatos con experiencia laboral, por lo que incluir pr\u00e1cticas en el curr\u00edculum tambi\u00e9n demuestra que se han adquirido habilidades valiosas y se ha ganado exposici\u00f3n a la cultura empresarial en la industria elegida.\n      <\/p>\n<h2 id=\"d\u00f3nde\"><span class=\"ez-toc-section\" id=\"Como_incluir_las_practicas_en_el_curriculum\"><\/span>C\u00f3mo incluir las pr\u00e1cticas en el curr\u00edculum<span class=\"ez-toc-section-end\"><\/span><\/h2>\n<p>\n        Es importante destacar las pr\u00e1cticas profesionales en el curr\u00edculum, ya sea <strong>en una secci\u00f3n espec\u00edfica<\/strong> o en la secci\u00f3n de experiencia laboral. Se puede agregar informaci\u00f3n como la fecha, la compa\u00f1\u00eda o el lugar donde se llevaron a cabo las pr\u00e1cticas, las responsabilidades o tareas realizadas, las habilidades y conocimientos adquiridos, y cualquier impacto positivo que se haya tenido en la empresa.\n      <\/p>\n<p>\n        Escribir brevemente sobre las <strong>habilidades y conocimientos adquiridos<\/strong> durante las pr\u00e1cticas tambi\u00e9n es una buena manera de demostrar la experiencia y la capacidad de adaptaci\u00f3n. Adem\u00e1s, puede ser una oportunidad para resaltar las habilidades y conocimientos que un candidato ha aprendido y c\u00f3mo pueden aplicarlos a su futuro trabajo.\n      <\/p>\n<p><\/p>\n<div id='video-containery5vA2npiFac' style='width:100%; height:auto; max-width:587px; position: relative;' onclick='var iframe = document.createElement(\"iframe\"); iframe.src = \"https:\/\/www.youtube.com\/embed\/y5vA2npiFac?autoplay=1\"; iframe.style.width = \"100%\"; iframe.style.maxWidth = \"800px\"; iframe.frameborder = 0; iframe.allowfullscreen = \"allowfullscreen\"; document.getElementById(\"video-containery5vA2npiFac\").innerHTML = \"\"; document.getElementById(\"video-containery5vA2npiFac\").appendChild(iframe);'>\n<div class='image-video-plugin' style='background:url(\"https:\/\/img.youtube.com\/vi\/y5vA2npiFac\/0.jpg\") center no-repeat; background-size: cover;'><\/div>\n<p><span class='youtube-play-button'><\/span><noscript><a href='https:\/\/www.youtube.com\/watch?v=y5vA2npiFac' target='_blank' rel=\"noopener\">Play on YouTube<\/a><\/noscript><\/div>\n<p><\/p>\n<h3><span class=\"ez-toc-section\" id=\"Lista_de_verificacion\"><\/span>Lista de verificaci\u00f3n:<span class=\"ez-toc-section-end\"><\/span><\/h3>\n<ul>\n<li>Agregar una secci\u00f3n para pr\u00e1cticas en tu curr\u00edculum.<\/li>\n<li>Destacar la fecha, compa\u00f1\u00eda, lugar y responsabilidades.<\/li>\n<li>Mencionar las habilidades y conocimientos adquiridos.<\/li>\n<li>Destacar cualquier impacto positivo que se haya tenido en la empresa.<\/li>\n<li>Agregar la informaci\u00f3n de contacto de la compa\u00f1\u00eda.<\/li>\n<\/ul>\n<h2 id=\"ejemplo\"><span class=\"ez-toc-section\" id=\"Ejemplo_de_como_poner_las_practicas_en_un_curriculum\"><\/span>Ejemplo de c\u00f3mo poner las pr\u00e1cticas en un curr\u00edculum<span class=\"ez-toc-section-end\"><\/span><\/h2>\n<p>\n        A continuaci\u00f3n se presenta un ejemplo de c\u00f3mo incluir las pr\u00e1cticas en el curr\u00edculum.\n      <\/p>\n<h3><span class=\"ez-toc-section\" id=\"Experiencia_Laboral\"><\/span>Experiencia Laboral<span class=\"ez-toc-section-end\"><\/span><\/h3>\n<ul>\n<li>Pr\u00e1cticas de verano en <strong>ZARA<\/strong> (Madrid, Espa\u00f1a) \u2013 Junio 2018 a Agosto 2018 <\/li>\n<li>Responsabilidades:\n<ul>\n<li>Asistir en la atenci\u00f3n al cliente y ayudar a mantener un \u00e1rea de ventas atractiva.<\/li>\n<li>Colaborar con los gerentes de ventas en la promoci\u00f3n de la marca y en la venta de productos.<\/li>\n<li>Aprender los procesos de compras y almacenamiento de inventario.<\/li>\n<\/ul>\n<\/li>\n<li>Habilidades adquiridas:\n<ul>\n<li>Habilidades de comunicaci\u00f3n efectiva.<\/li>\n<li>Capacidad para trabajar en equipo e individualmente.<\/li>\n<li>Conocimiento de procesos de ventas y marketing.<\/li>\n<\/ul>\n<\/li>\n<li>Impacto en la empresa:\n<ul>\n<li>Gener\u00e9 un <strong>aumento del 20% en las ventas de mi \u00e1rea designada<\/strong> mediante el aprovechamiento de oportunidades de venta y una atenci\u00f3n al cliente excepcional.<\/li>\n<li>Aprend\u00ed sobre la cultura empresarial y las operaciones en el entorno de la moda.<\/li>\n<\/ul>\n<\/li>\n<\/ul>\n<p>    <\/main>\n  <link rel='stylesheet' href='https:\/\/www.trabajoenzamora.com\/blog\/wp-content\/plugins\/aitomaticblog\/public\/css\/style-iyr.css' type='text\/css' media='all' \/>\n","protected":false},"excerpt":{"rendered":"<p>Porqu\u00e9 poner las pr\u00e1cticas en el curr\u00edculum C\u00f3mo incluir las pr\u00e1cticas en el curr\u00edculum Ejemplo de c\u00f3mo poner las pr\u00e1cticas en un curr\u00edculum Porqu\u00e9 poner [&hellip;]<\/p>\n","protected":false},"author":1,"featured_media":2389,"comment_status":"open","ping_status":"","sticky":false,"template":"","format":"standard","meta":{"_uag_custom_page_level_css":"","site-sidebar-layout":"default","site-content-layout":"","ast-site-content-layout":"default","site-content-style":"default","site-sidebar-style":"default","ast-global-header-display":"","ast-banner-title-visibility":"","ast-main-header-display":"","ast-hfb-above-header-display":"","ast-hfb-below-header-display":"","ast-hfb-mobile-header-display":"","site-post-title":"","ast-breadcrumbs-content":"","ast-featured-img":"","footer-sml-layout":"","ast-disable-related-posts":"","theme-transparent-header-meta":"","adv-header-id-meta":"","stick-header-meta":"","header-above-stick-meta":"","header-main-stick-meta":"","header-below-stick-meta":"","astra-migrate-meta-layouts":"default","ast-page-background-enabled":"default","ast-page-background-meta":{"desktop":{"background-color":"var(--ast-global-color-4)","background-image":"","background-repeat":"repeat","background-position":"center center","background-size":"auto","background-attachment":"scroll","background-type":"","background-media":"","overlay-type":"","overlay-color":"","overlay-opacity":"","overlay-gradient":""},"tablet":{"background-color":"","background-image":"","background-repeat":"repeat","background-position":"center center","background-size":"auto","background-attachment":"scroll","background-type":"","background-media":"","overlay-type":"","overlay-color":"","overlay-opacity":"","overlay-gradient":""},"mobile":{"background-color":"","background-image":"","background-repeat":"repeat","background-position":"center center","background-size":"auto","background-attachment":"scroll","background-type":"","background-media":"","overlay-type":"","overlay-color":"","overlay-opacity":"","overlay-gradient":""}},"ast-content-background-meta":{"desktop":{"background-color":"var(--ast-global-color-5)","background-image":"","background-repeat":"repeat","background-position":"center center","background-size":"auto","background-attachment":"scroll","background-type":"","background-media":"","overlay-type":"","overlay-color":"","overlay-opacity":"","overlay-gradient":""},"tablet":{"background-color":"var(--ast-global-color-5)","background-image":"","background-repeat":"repeat","background-position":"center center","background-size":"auto","background-attachment":"scroll","background-type":"","background-media":"","overlay-type":"","overlay-color":"","overlay-opacity":"","overlay-gradient":""},"mobile":{"background-color":"var(--ast-global-color-5)","background-image":"","background-repeat":"repeat","background-position":"center center","background-size":"auto","background-attachment":"scroll","background-type":"","background-media":"","overlay-type":"","overlay-color":"","overlay-opacity":"","overlay-gradient":""}},"footnotes":""},"categories":[1],"tags":[],"class_list":["post-2388","post","type-post","status-publish","format-standard","has-post-thumbnail","hentry","category-hacer-un-curriculum"],"uagb_featured_image_src":{"full":["https:\/\/www.trabajoenzamora.com\/blog\/wp-content\/uploads\/2023\/04\/Como-poner-las-practicas-en-un-curriculum.jpg",711,400,false],"thumbnail":["https:\/\/www.trabajoenzamora.com\/blog\/wp-content\/uploads\/2023\/04\/Como-poner-las-practicas-en-un-curriculum-150x150.jpg",150,150,true],"medium":["https:\/\/www.trabajoenzamora.com\/blog\/wp-content\/uploads\/2023\/04\/Como-poner-las-practicas-en-un-curriculum.jpg",300,169,false],"medium_large":["https:\/\/www.trabajoenzamora.com\/blog\/wp-content\/uploads\/2023\/04\/Como-poner-las-practicas-en-un-curriculum.jpg",711,400,false],"large":["https:\/\/www.trabajoenzamora.com\/blog\/wp-content\/uploads\/2023\/04\/Como-poner-las-practicas-en-un-curriculum.jpg",711,400,true],"1536x1536":["https:\/\/www.trabajoenzamora.com\/blog\/wp-content\/uploads\/2023\/04\/Como-poner-las-practicas-en-un-curriculum.jpg",711,400,false],"2048x2048":["https:\/\/www.trabajoenzamora.com\/blog\/wp-content\/uploads\/2023\/04\/Como-poner-las-practicas-en-un-curriculum.jpg",711,400,false]},"uagb_author_info":{"display_name":"xenonfactory","author_link":"https:\/\/www.trabajoenzamora.com\/blog\/author\/xenonfactory\/"},"uagb_comment_info":0,"uagb_excerpt":"Porqu\u00e9 poner las pr\u00e1cticas en el curr\u00edculum C\u00f3mo incluir las pr\u00e1cticas en el curr\u00edculum Ejemplo de c\u00f3mo poner las pr\u00e1cticas en un curr\u00edculum Porqu\u00e9 poner [&hellip;]","amp_enabled":true,"_links":{"self":[{"href":"https:\/\/www.trabajoenzamora.com\/blog\/wp-json\/wp\/v2\/posts\/2388","targetHints":{"allow":["GET"]}}],"collection":[{"href":"https:\/\/www.trabajoenzamora.com\/blog\/wp-json\/wp\/v2\/posts"}],"about":[{"href":"https:\/\/www.trabajoenzamora.com\/blog\/wp-json\/wp\/v2\/types\/post"}],"author":[{"embeddable":true,"href":"https:\/\/www.trabajoenzamora.com\/blog\/wp-json\/wp\/v2\/users\/1"}],"replies":[{"embeddable":true,"href":"https:\/\/www.trabajoenzamora.com\/blog\/wp-json\/wp\/v2\/comments?post=2388"}],"version-history":[{"count":0,"href":"https:\/\/www.trabajoenzamora.com\/blog\/wp-json\/wp\/v2\/posts\/2388\/revisions"}],"wp:featuredmedia":[{"embeddable":true,"href":"https:\/\/www.trabajoenzamora.com\/blog\/wp-json\/wp\/v2\/media\/2389"}],"wp:attachment":[{"href":"https:\/\/www.trabajoenzamora.com\/blog\/wp-json\/wp\/v2\/media?parent=2388"}],"wp:term":[{"taxonomy":"category","embeddable":true,"href":"https:\/\/www.trabajoenzamora.com\/blog\/wp-json\/wp\/v2\/categories?post=2388"},{"taxonomy":"post_tag","embeddable":true,"href":"https:\/\/www.trabajoenzamora.com\/blog\/wp-json\/wp\/v2\/tags?post=2388"}],"curies":[{"name":"wp","href":"https:\/\/api.w.org\/{rel}","templated":true}]}}