{"id":2376,"date":"2023-04-21T12:05:02","date_gmt":"2023-04-21T10:05:02","guid":{"rendered":"https:\/\/www.trabajoenzamora.com\/blog\/?p=2376"},"modified":"2023-04-21T12:05:02","modified_gmt":"2023-04-21T10:05:02","slug":"como-se-ordena-la-experiencia-laboral-en-un-curriculum","status":"publish","type":"post","link":"https:\/\/www.trabajoenzamora.com\/blog\/como-se-ordena-la-experiencia-laboral-en-un-curriculum\/","title":{"rendered":"Gu\u00eda definitiva: C\u00f3mo ordenar tu experiencia laboral en un curr\u00edculum para impresionar a cualquier empleador"},"content":{"rendered":"<p>En la actualidad, el curr\u00edculum vitae es una herramienta fundamental para conseguir trabajo. Con la competitividad en el mercado laboral, es importante saber c\u00f3mo ordenar correctamente la experiencia laboral para que sea atractiva para el empleador.<\/p>\n<h2><span class=\"ez-toc-section\" id=\"%C2%BFQue_es_la_experiencia_laboral\"><\/span>\u00bfQu\u00e9 es la experiencia laboral?<span class=\"ez-toc-section-end\"><\/span><\/h2><div id=\"ez-toc-container\" class=\"ez-toc-v2_0_82_2 counter-hierarchy ez-toc-counter ez-toc-custom ez-toc-container-direction\">\n<p class=\"ez-toc-title\" style=\"cursor:inherit\">Contenidos<\/p>\n<label for=\"ez-toc-cssicon-toggle-item-69f553366e824\" class=\"ez-toc-cssicon-toggle-label\"><span class=\"ez-toc-cssicon\"><span class=\"eztoc-hide\" style=\"display:none;\">Toggle<\/span><span class=\"ez-toc-icon-toggle-span\"><svg style=\"fill: #686868;color:#686868\" xmlns=\"http:\/\/www.w3.org\/2000\/svg\" class=\"list-377408\" width=\"20px\" height=\"20px\" viewBox=\"0 0 24 24\" fill=\"none\"><path d=\"M6 6H4v2h2V6zm14 0H8v2h12V6zM4 11h2v2H4v-2zm16 0H8v2h12v-2zM4 16h2v2H4v-2zm16 0H8v2h12v-2z\" fill=\"currentColor\"><\/path><\/svg><svg style=\"fill: #686868;color:#686868\" class=\"arrow-unsorted-368013\" xmlns=\"http:\/\/www.w3.org\/2000\/svg\" width=\"10px\" height=\"10px\" viewBox=\"0 0 24 24\" version=\"1.2\" baseProfile=\"tiny\"><path d=\"M18.2 9.3l-6.2-6.3-6.2 6.3c-.2.2-.3.4-.3.7s.1.5.3.7c.2.2.4.3.7.3h11c.3 0 .5-.1.7-.3.2-.2.3-.5.3-.7s-.1-.5-.3-.7zM5.8 14.7l6.2 6.3 6.2-6.3c.2-.2.3-.5.3-.7s-.1-.5-.3-.7c-.2-.2-.4-.3-.7-.3h-11c-.3 0-.5.1-.7.3-.2.2-.3.5-.3.7s.1.5.3.7z\"\/><\/svg><\/span><\/span><\/label><input type=\"checkbox\"  id=\"ez-toc-cssicon-toggle-item-69f553366e824\"  aria-label=\"Alternar\" \/><nav><ul class='ez-toc-list ez-toc-list-level-1 ' ><li class='ez-toc-page-1 ez-toc-heading-level-2'><a class=\"ez-toc-link ez-toc-heading-1\" href=\"https:\/\/www.trabajoenzamora.com\/blog\/como-se-ordena-la-experiencia-laboral-en-un-curriculum\/#%C2%BFQue_es_la_experiencia_laboral\" >\u00bfQu\u00e9 es la experiencia laboral?<\/a><\/li><li class='ez-toc-page-1 ez-toc-heading-level-2'><a class=\"ez-toc-link ez-toc-heading-2\" href=\"https:\/\/www.trabajoenzamora.com\/blog\/como-se-ordena-la-experiencia-laboral-en-un-curriculum\/#Orden_de_la_experiencia_laboral_en_un_curriculum\" >Orden de la experiencia laboral en un curr\u00edculum<\/a><ul class='ez-toc-list-level-3' ><li class='ez-toc-heading-level-3'><a class=\"ez-toc-link ez-toc-heading-3\" href=\"https:\/\/www.trabajoenzamora.com\/blog\/como-se-ordena-la-experiencia-laboral-en-un-curriculum\/#Se_recomienda_seguir_estos_pasos\" >Se recomienda seguir estos pasos:<\/a><\/li><\/ul><\/li><li class='ez-toc-page-1 ez-toc-heading-level-2'><a class=\"ez-toc-link ez-toc-heading-4\" href=\"https:\/\/www.trabajoenzamora.com\/blog\/como-se-ordena-la-experiencia-laboral-en-un-curriculum\/#Conclusion\" >Conclusi\u00f3n<\/a><\/li><\/ul><\/nav><\/div>\n\n<p>La experiencia laboral es la acumulaci\u00f3n de actividades laborales que ha tenido una persona a lo largo de su vida profesional. Incluye trabajos remunerados, pr\u00e1cticas profesionales, voluntariado, etc.<\/p>\n<p><\/p>\n<div id='video-containerkJqvUrsicFA' style='width:100%; height:auto; max-width:587px; position: relative;' onclick='var iframe = document.createElement(\"iframe\"); iframe.src = \"https:\/\/www.youtube.com\/embed\/kJqvUrsicFA?autoplay=1\"; iframe.style.width = \"100%\"; iframe.style.maxWidth = \"800px\"; iframe.frameborder = 0; iframe.allowfullscreen = \"allowfullscreen\"; document.getElementById(\"video-containerkJqvUrsicFA\").innerHTML = \"\"; document.getElementById(\"video-containerkJqvUrsicFA\").appendChild(iframe);'>\n<div class='image-video-plugin' style='background:url(\"https:\/\/img.youtube.com\/vi\/kJqvUrsicFA\/0.jpg\") center no-repeat; background-size: cover;'><\/div>\n<p><span class='youtube-play-button'><\/span><noscript><a href='https:\/\/www.youtube.com\/watch?v=kJqvUrsicFA' target='_blank' rel=\"noopener\">Play on YouTube<\/a><\/noscript><\/div>\n<p><\/p>\n<h2><span class=\"ez-toc-section\" id=\"Orden_de_la_experiencia_laboral_en_un_curriculum\"><\/span>Orden de la experiencia laboral en un curr\u00edculum<span class=\"ez-toc-section-end\"><\/span><\/h2>\n<p>La experiencia laboral debe estar ordenada de manera cronol\u00f3gica inversa, es decir, colocando primero la informaci\u00f3n m\u00e1s reciente y terminando con la m\u00e1s antigua. De esta manera, el empleador puede ver de manera clara la experiencia m\u00e1s relevante y actualizada del candidato.<\/p>\n<h3><span class=\"ez-toc-section\" id=\"Se_recomienda_seguir_estos_pasos\"><\/span>Se recomienda seguir estos pasos:<span class=\"ez-toc-section-end\"><\/span><\/h3>\n<ul>\n<li><strong>1.<\/strong> Incluir en el curr\u00edculum \u00fanicamente la experiencia relevante para el puesto que se busca. De esta forma, se muestra al empleador que se cuenta con la experiencia necesaria para el puesto. <\/li>\n<li><strong>2.<\/strong> Es importante incluir los nombres de las empresas en las que se ha trabajado, as\u00ed como las fechas de inicio y finalizaci\u00f3n del trabajo, y el cargo que se ha desempe\u00f1ado.<\/li>\n<li><strong>3.<\/strong> En caso de haber hecho pr\u00e1cticas profesionales, voluntariado u otro tipo de trabajos no remunerados, se pueden incluir y describir las tareas realizadas.<\/li>\n<li><strong>4.<\/strong> Es importante destacar los logros obtenidos en cada trabajo, lo que permitir\u00e1 mostrar habilidades y capacidades a los empleadores.<\/li>\n<\/ul>\n<h2><span class=\"ez-toc-section\" id=\"Conclusion\"><\/span>Conclusi\u00f3n<span class=\"ez-toc-section-end\"><\/span><\/h2>\n<p>En definitiva, la experiencia laboral es uno de los puntos m\u00e1s importantes en el curr\u00edculum vitae. Ordenarla correctamente permitir\u00e1 destacar la informaci\u00f3n m\u00e1s relevante y actualizada, lo que mejorar\u00e1 las oportunidades de conseguir el trabajo que se desea. <\/p>\n<link rel='stylesheet' href='https:\/\/www.trabajoenzamora.com\/blog\/wp-content\/plugins\/aitomaticblog\/public\/css\/style-iyr.css' type='text\/css' media='all' \/>\n","protected":false},"excerpt":{"rendered":"<p>En la actualidad, el curr\u00edculum vitae es una herramienta fundamental para conseguir trabajo. Con la competitividad en el mercado laboral, es importante saber c\u00f3mo ordenar [&hellip;]<\/p>\n","protected":false},"author":1,"featured_media":2377,"comment_status":"open","ping_status":"","sticky":false,"template":"","format":"standard","meta":{"_uag_custom_page_level_css":"","site-sidebar-layout":"default","site-content-layout":"","ast-site-content-layout":"default","site-content-style":"default","site-sidebar-style":"default","ast-global-header-display":"","ast-banner-title-visibility":"","ast-main-header-display":"","ast-hfb-above-header-display":"","ast-hfb-below-header-display":"","ast-hfb-mobile-header-display":"","site-post-title":"","ast-breadcrumbs-content":"","ast-featured-img":"","footer-sml-layout":"","ast-disable-related-posts":"","theme-transparent-header-meta":"","adv-header-id-meta":"","stick-header-meta":"","header-above-stick-meta":"","header-main-stick-meta":"","header-below-stick-meta":"","astra-migrate-meta-layouts":"default","ast-page-background-enabled":"default","ast-page-background-meta":{"desktop":{"background-color":"var(--ast-global-color-4)","background-image":"","background-repeat":"repeat","background-position":"center center","background-size":"auto","background-attachment":"scroll","background-type":"","background-media":"","overlay-type":"","overlay-color":"","overlay-opacity":"","overlay-gradient":""},"tablet":{"background-color":"","background-image":"","background-repeat":"repeat","background-position":"center center","background-size":"auto","background-attachment":"scroll","background-type":"","background-media":"","overlay-type":"","overlay-color":"","overlay-opacity":"","overlay-gradient":""},"mobile":{"background-color":"","background-image":"","background-repeat":"repeat","background-position":"center center","background-size":"auto","background-attachment":"scroll","background-type":"","background-media":"","overlay-type":"","overlay-color":"","overlay-opacity":"","overlay-gradient":""}},"ast-content-background-meta":{"desktop":{"background-color":"var(--ast-global-color-5)","background-image":"","background-repeat":"repeat","background-position":"center center","background-size":"auto","background-attachment":"scroll","background-type":"","background-media":"","overlay-type":"","overlay-color":"","overlay-opacity":"","overlay-gradient":""},"tablet":{"background-color":"var(--ast-global-color-5)","background-image":"","background-repeat":"repeat","background-position":"center center","background-size":"auto","background-attachment":"scroll","background-type":"","background-media":"","overlay-type":"","overlay-color":"","overlay-opacity":"","overlay-gradient":""},"mobile":{"background-color":"var(--ast-global-color-5)","background-image":"","background-repeat":"repeat","background-position":"center center","background-size":"auto","background-attachment":"scroll","background-type":"","background-media":"","overlay-type":"","overlay-color":"","overlay-opacity":"","overlay-gradient":""}},"footnotes":""},"categories":[1],"tags":[],"class_list":["post-2376","post","type-post","status-publish","format-standard","has-post-thumbnail","hentry","category-hacer-un-curriculum"],"uagb_featured_image_src":{"full":["https:\/\/www.trabajoenzamora.com\/blog\/wp-content\/uploads\/2023\/04\/Como-se-ordena-la-experiencia-laboral-en-un-curriculum.jpg",711,400,false],"thumbnail":["https:\/\/www.trabajoenzamora.com\/blog\/wp-content\/uploads\/2023\/04\/Como-se-ordena-la-experiencia-laboral-en-un-curriculum-150x150.jpg",150,150,true],"medium":["https:\/\/www.trabajoenzamora.com\/blog\/wp-content\/uploads\/2023\/04\/Como-se-ordena-la-experiencia-laboral-en-un-curriculum.jpg",300,169,false],"medium_large":["https:\/\/www.trabajoenzamora.com\/blog\/wp-content\/uploads\/2023\/04\/Como-se-ordena-la-experiencia-laboral-en-un-curriculum.jpg",711,400,false],"large":["https:\/\/www.trabajoenzamora.com\/blog\/wp-content\/uploads\/2023\/04\/Como-se-ordena-la-experiencia-laboral-en-un-curriculum.jpg",711,400,true],"1536x1536":["https:\/\/www.trabajoenzamora.com\/blog\/wp-content\/uploads\/2023\/04\/Como-se-ordena-la-experiencia-laboral-en-un-curriculum.jpg",711,400,false],"2048x2048":["https:\/\/www.trabajoenzamora.com\/blog\/wp-content\/uploads\/2023\/04\/Como-se-ordena-la-experiencia-laboral-en-un-curriculum.jpg",711,400,false]},"uagb_author_info":{"display_name":"xenonfactory","author_link":"https:\/\/www.trabajoenzamora.com\/blog\/author\/xenonfactory\/"},"uagb_comment_info":0,"uagb_excerpt":"En la actualidad, el curr\u00edculum vitae es una herramienta fundamental para conseguir trabajo. Con la competitividad en el mercado laboral, es importante saber c\u00f3mo ordenar [&hellip;]","amp_enabled":true,"_links":{"self":[{"href":"https:\/\/www.trabajoenzamora.com\/blog\/wp-json\/wp\/v2\/posts\/2376","targetHints":{"allow":["GET"]}}],"collection":[{"href":"https:\/\/www.trabajoenzamora.com\/blog\/wp-json\/wp\/v2\/posts"}],"about":[{"href":"https:\/\/www.trabajoenzamora.com\/blog\/wp-json\/wp\/v2\/types\/post"}],"author":[{"embeddable":true,"href":"https:\/\/www.trabajoenzamora.com\/blog\/wp-json\/wp\/v2\/users\/1"}],"replies":[{"embeddable":true,"href":"https:\/\/www.trabajoenzamora.com\/blog\/wp-json\/wp\/v2\/comments?post=2376"}],"version-history":[{"count":0,"href":"https:\/\/www.trabajoenzamora.com\/blog\/wp-json\/wp\/v2\/posts\/2376\/revisions"}],"wp:featuredmedia":[{"embeddable":true,"href":"https:\/\/www.trabajoenzamora.com\/blog\/wp-json\/wp\/v2\/media\/2377"}],"wp:attachment":[{"href":"https:\/\/www.trabajoenzamora.com\/blog\/wp-json\/wp\/v2\/media?parent=2376"}],"wp:term":[{"taxonomy":"category","embeddable":true,"href":"https:\/\/www.trabajoenzamora.com\/blog\/wp-json\/wp\/v2\/categories?post=2376"},{"taxonomy":"post_tag","embeddable":true,"href":"https:\/\/www.trabajoenzamora.com\/blog\/wp-json\/wp\/v2\/tags?post=2376"}],"curies":[{"name":"wp","href":"https:\/\/api.w.org\/{rel}","templated":true}]}}