{"id":2164,"date":"2023-04-14T11:05:02","date_gmt":"2023-04-14T09:05:02","guid":{"rendered":"https:\/\/www.trabajoenzamora.com\/blog\/?p=2164"},"modified":"2023-04-14T11:05:02","modified_gmt":"2023-04-14T09:05:02","slug":"que-es-el-perfil-profesional-en-un-curriculum","status":"publish","type":"post","link":"https:\/\/www.trabajoenzamora.com\/blog\/que-es-el-perfil-profesional-en-un-curriculum\/","title":{"rendered":"Descubre por qu\u00e9 el perfil profesional es esencial en tu curr\u00edculum"},"content":{"rendered":"<h2><span class=\"ez-toc-section\" id=\"Que_es_el_perfil_profesional_en_un_curriculum\"><\/span>Qu\u00e9 es el perfil profesional en un curr\u00edculum<span class=\"ez-toc-section-end\"><\/span><\/h2><div id=\"ez-toc-container\" class=\"ez-toc-v2_0_82_2 counter-hierarchy ez-toc-counter ez-toc-custom ez-toc-container-direction\">\n<p class=\"ez-toc-title\" style=\"cursor:inherit\">Contenidos<\/p>\n<label for=\"ez-toc-cssicon-toggle-item-69f5400e9e532\" class=\"ez-toc-cssicon-toggle-label\"><span class=\"ez-toc-cssicon\"><span class=\"eztoc-hide\" style=\"display:none;\">Toggle<\/span><span class=\"ez-toc-icon-toggle-span\"><svg style=\"fill: #686868;color:#686868\" xmlns=\"http:\/\/www.w3.org\/2000\/svg\" class=\"list-377408\" width=\"20px\" height=\"20px\" viewBox=\"0 0 24 24\" fill=\"none\"><path d=\"M6 6H4v2h2V6zm14 0H8v2h12V6zM4 11h2v2H4v-2zm16 0H8v2h12v-2zM4 16h2v2H4v-2zm16 0H8v2h12v-2z\" fill=\"currentColor\"><\/path><\/svg><svg style=\"fill: #686868;color:#686868\" class=\"arrow-unsorted-368013\" xmlns=\"http:\/\/www.w3.org\/2000\/svg\" width=\"10px\" height=\"10px\" viewBox=\"0 0 24 24\" version=\"1.2\" baseProfile=\"tiny\"><path d=\"M18.2 9.3l-6.2-6.3-6.2 6.3c-.2.2-.3.4-.3.7s.1.5.3.7c.2.2.4.3.7.3h11c.3 0 .5-.1.7-.3.2-.2.3-.5.3-.7s-.1-.5-.3-.7zM5.8 14.7l6.2 6.3 6.2-6.3c.2-.2.3-.5.3-.7s-.1-.5-.3-.7c-.2-.2-.4-.3-.7-.3h-11c-.3 0-.5.1-.7.3-.2.2-.3.5-.3.7s.1.5.3.7z\"\/><\/svg><\/span><\/span><\/label><input type=\"checkbox\"  id=\"ez-toc-cssicon-toggle-item-69f5400e9e532\"  aria-label=\"Alternar\" \/><nav><ul class='ez-toc-list ez-toc-list-level-1 ' ><li class='ez-toc-page-1 ez-toc-heading-level-2'><a class=\"ez-toc-link ez-toc-heading-1\" href=\"https:\/\/www.trabajoenzamora.com\/blog\/que-es-el-perfil-profesional-en-un-curriculum\/#Que_es_el_perfil_profesional_en_un_curriculum\" >Qu\u00e9 es el perfil profesional en un curr\u00edculum<\/a><ul class='ez-toc-list-level-3' ><li class='ez-toc-heading-level-3'><a class=\"ez-toc-link ez-toc-heading-2\" href=\"https:\/\/www.trabajoenzamora.com\/blog\/que-es-el-perfil-profesional-en-un-curriculum\/#Para_que_sirve_el_perfil_profesional_en_un_curriculum\" >Para qu\u00e9 sirve el perfil profesional en un curr\u00edculum<\/a><\/li><li class='ez-toc-page-1 ez-toc-heading-level-3'><a class=\"ez-toc-link ez-toc-heading-3\" href=\"https:\/\/www.trabajoenzamora.com\/blog\/que-es-el-perfil-profesional-en-un-curriculum\/#Como_redactar_un_perfil_profesional_en_un_curriculum\" >C\u00f3mo redactar un perfil profesional en un curr\u00edculum<\/a><\/li><\/ul><\/li><li class='ez-toc-page-1 ez-toc-heading-level-2'><a class=\"ez-toc-link ez-toc-heading-4\" href=\"https:\/\/www.trabajoenzamora.com\/blog\/que-es-el-perfil-profesional-en-un-curriculum\/#Conclusion\" >Conclusi\u00f3n<\/a><\/li><\/ul><\/nav><\/div>\n\n<p>El perfil profesional es una secci\u00f3n fundamental en un curr\u00edculum vitae. Se trata de una breve descripci\u00f3n sobre tus habilidades, conocimientos y experiencia laboral que te hacen el candidato ideal para el trabajo al que est\u00e1s aplicando. Es la primera secci\u00f3n que lee el reclutador, por lo que es importante que cause una buena impresi\u00f3n y despierte su inter\u00e9s.<\/p>\n<p><\/p>\n<div id='video-containerZG8451rLHEw' style='width:100%; height:auto; max-width:587px; position: relative;' onclick='var iframe = document.createElement(\"iframe\"); iframe.src = \"https:\/\/www.youtube.com\/embed\/ZG8451rLHEw?autoplay=1\"; iframe.style.width = \"100%\"; iframe.style.maxWidth = \"800px\"; iframe.frameborder = 0; iframe.allowfullscreen = \"allowfullscreen\"; document.getElementById(\"video-containerZG8451rLHEw\").innerHTML = \"\"; document.getElementById(\"video-containerZG8451rLHEw\").appendChild(iframe);'>\n<div class='image-video-plugin' style='background:url(\"https:\/\/img.youtube.com\/vi\/ZG8451rLHEw\/0.jpg\") center no-repeat; background-size: cover;'><\/div>\n<p><span class='youtube-play-button'><\/span><noscript><a href='https:\/\/www.youtube.com\/watch?v=ZG8451rLHEw' target='_blank' rel=\"noopener\">Play on YouTube<\/a><\/noscript><\/div>\n<p><\/p>\n<h3><span class=\"ez-toc-section\" id=\"Para_que_sirve_el_perfil_profesional_en_un_curriculum\"><\/span>Para qu\u00e9 sirve el perfil profesional en un curr\u00edculum<span class=\"ez-toc-section-end\"><\/span><\/h3>\n<p>El perfil profesional es la oportunidad perfecta para venderte y destacar tus habilidades, conocimientos y experiencia en el sector al que est\u00e1s aplicando. Adem\u00e1s, te permite demostrar tu prop\u00f3sito profesional y los valores que te hacen \u00fanico.<\/p>\n<p>Es importante que el perfil profesional sea claro, conciso y coincida con las responsabilidades y requisitos del trabajo al que est\u00e1s aplicando. Debe resaltar tus habilidades m\u00e1s relevantes, as\u00ed como tu formaci\u00f3n acad\u00e9mica y experiencia laboral.<\/p>\n<h3><span class=\"ez-toc-section\" id=\"Como_redactar_un_perfil_profesional_en_un_curriculum\"><\/span>C\u00f3mo redactar un perfil profesional en un curr\u00edculum<span class=\"ez-toc-section-end\"><\/span><\/h3>\n<p>Para redactar un buen perfil profesional en un curr\u00edculum, es importante seguir estos pasos:<\/p>\n<ol>\n<li>Analiza la oferta laboral y las necesidades de la empresa.<\/li>\n<li>Identifica tus habilidades m\u00e1s relevantes para el trabajo.<\/li>\n<li>Describe tus objetivos y prop\u00f3sito profesional.<\/li>\n<li>Muestra un ejemplo de tu experiencia laboral relacionada con el trabajo al que est\u00e1s aplicando.<\/li>\n<\/ol>\n<p>El perfil profesional debe tener una extensi\u00f3n de entre 3 y 5 l\u00edneas. Utiliza un lenguaje claro y evita palabras demasiado t\u00e9cnicas o jerga que pueda ser dif\u00edcil para el reclutador entender.<\/p>\n<h2><span class=\"ez-toc-section\" id=\"Conclusion\"><\/span>Conclusi\u00f3n<span class=\"ez-toc-section-end\"><\/span><\/h2>\n<p>El perfil profesional es una secci\u00f3n que no se debe subestimar en un curr\u00edculum, ya que es la primera impresi\u00f3n que recibe el reclutador sobre ti. Aprovecha esta oportunidad para resaltar tus habilidades, conocimientos y experiencia laboral, y para demostrar tu prop\u00f3sito profesional y los valores que te hacen \u00fanico.<\/p>\n<link rel='stylesheet' href='https:\/\/www.trabajoenzamora.com\/blog\/wp-content\/plugins\/aitomaticblog\/public\/css\/style-iyr.css' type='text\/css' media='all' \/>\n","protected":false},"excerpt":{"rendered":"<p>Qu\u00e9 es el perfil profesional en un curr\u00edculum El perfil profesional es una secci\u00f3n fundamental en un curr\u00edculum vitae. Se trata de una breve descripci\u00f3n [&hellip;]<\/p>\n","protected":false},"author":1,"featured_media":2165,"comment_status":"open","ping_status":"","sticky":false,"template":"","format":"standard","meta":{"_uag_custom_page_level_css":"","site-sidebar-layout":"default","site-content-layout":"","ast-site-content-layout":"default","site-content-style":"default","site-sidebar-style":"default","ast-global-header-display":"","ast-banner-title-visibility":"","ast-main-header-display":"","ast-hfb-above-header-display":"","ast-hfb-below-header-display":"","ast-hfb-mobile-header-display":"","site-post-title":"","ast-breadcrumbs-content":"","ast-featured-img":"","footer-sml-layout":"","ast-disable-related-posts":"","theme-transparent-header-meta":"","adv-header-id-meta":"","stick-header-meta":"","header-above-stick-meta":"","header-main-stick-meta":"","header-below-stick-meta":"","astra-migrate-meta-layouts":"default","ast-page-background-enabled":"default","ast-page-background-meta":{"desktop":{"background-color":"var(--ast-global-color-4)","background-image":"","background-repeat":"repeat","background-position":"center center","background-size":"auto","background-attachment":"scroll","background-type":"","background-media":"","overlay-type":"","overlay-color":"","overlay-opacity":"","overlay-gradient":""},"tablet":{"background-color":"","background-image":"","background-repeat":"repeat","background-position":"center center","background-size":"auto","background-attachment":"scroll","background-type":"","background-media":"","overlay-type":"","overlay-color":"","overlay-opacity":"","overlay-gradient":""},"mobile":{"background-color":"","background-image":"","background-repeat":"repeat","background-position":"center center","background-size":"auto","background-attachment":"scroll","background-type":"","background-media":"","overlay-type":"","overlay-color":"","overlay-opacity":"","overlay-gradient":""}},"ast-content-background-meta":{"desktop":{"background-color":"var(--ast-global-color-5)","background-image":"","background-repeat":"repeat","background-position":"center center","background-size":"auto","background-attachment":"scroll","background-type":"","background-media":"","overlay-type":"","overlay-color":"","overlay-opacity":"","overlay-gradient":""},"tablet":{"background-color":"var(--ast-global-color-5)","background-image":"","background-repeat":"repeat","background-position":"center center","background-size":"auto","background-attachment":"scroll","background-type":"","background-media":"","overlay-type":"","overlay-color":"","overlay-opacity":"","overlay-gradient":""},"mobile":{"background-color":"var(--ast-global-color-5)","background-image":"","background-repeat":"repeat","background-position":"center center","background-size":"auto","background-attachment":"scroll","background-type":"","background-media":"","overlay-type":"","overlay-color":"","overlay-opacity":"","overlay-gradient":""}},"footnotes":""},"categories":[1],"tags":[],"class_list":["post-2164","post","type-post","status-publish","format-standard","has-post-thumbnail","hentry","category-hacer-un-curriculum"],"uagb_featured_image_src":{"full":["https:\/\/www.trabajoenzamora.com\/blog\/wp-content\/uploads\/2023\/04\/Que-es-el-perfil-profesional-en-un-curriculum.jpg",711,400,false],"thumbnail":["https:\/\/www.trabajoenzamora.com\/blog\/wp-content\/uploads\/2023\/04\/Que-es-el-perfil-profesional-en-un-curriculum-150x150.jpg",150,150,true],"medium":["https:\/\/www.trabajoenzamora.com\/blog\/wp-content\/uploads\/2023\/04\/Que-es-el-perfil-profesional-en-un-curriculum.jpg",300,169,false],"medium_large":["https:\/\/www.trabajoenzamora.com\/blog\/wp-content\/uploads\/2023\/04\/Que-es-el-perfil-profesional-en-un-curriculum.jpg",711,400,false],"large":["https:\/\/www.trabajoenzamora.com\/blog\/wp-content\/uploads\/2023\/04\/Que-es-el-perfil-profesional-en-un-curriculum.jpg",711,400,true],"1536x1536":["https:\/\/www.trabajoenzamora.com\/blog\/wp-content\/uploads\/2023\/04\/Que-es-el-perfil-profesional-en-un-curriculum.jpg",711,400,false],"2048x2048":["https:\/\/www.trabajoenzamora.com\/blog\/wp-content\/uploads\/2023\/04\/Que-es-el-perfil-profesional-en-un-curriculum.jpg",711,400,false]},"uagb_author_info":{"display_name":"xenonfactory","author_link":"https:\/\/www.trabajoenzamora.com\/blog\/author\/xenonfactory\/"},"uagb_comment_info":0,"uagb_excerpt":"Qu\u00e9 es el perfil profesional en un curr\u00edculum El perfil profesional es una secci\u00f3n fundamental en un curr\u00edculum vitae. Se trata de una breve descripci\u00f3n [&hellip;]","amp_enabled":true,"_links":{"self":[{"href":"https:\/\/www.trabajoenzamora.com\/blog\/wp-json\/wp\/v2\/posts\/2164","targetHints":{"allow":["GET"]}}],"collection":[{"href":"https:\/\/www.trabajoenzamora.com\/blog\/wp-json\/wp\/v2\/posts"}],"about":[{"href":"https:\/\/www.trabajoenzamora.com\/blog\/wp-json\/wp\/v2\/types\/post"}],"author":[{"embeddable":true,"href":"https:\/\/www.trabajoenzamora.com\/blog\/wp-json\/wp\/v2\/users\/1"}],"replies":[{"embeddable":true,"href":"https:\/\/www.trabajoenzamora.com\/blog\/wp-json\/wp\/v2\/comments?post=2164"}],"version-history":[{"count":0,"href":"https:\/\/www.trabajoenzamora.com\/blog\/wp-json\/wp\/v2\/posts\/2164\/revisions"}],"wp:featuredmedia":[{"embeddable":true,"href":"https:\/\/www.trabajoenzamora.com\/blog\/wp-json\/wp\/v2\/media\/2165"}],"wp:attachment":[{"href":"https:\/\/www.trabajoenzamora.com\/blog\/wp-json\/wp\/v2\/media?parent=2164"}],"wp:term":[{"taxonomy":"category","embeddable":true,"href":"https:\/\/www.trabajoenzamora.com\/blog\/wp-json\/wp\/v2\/categories?post=2164"},{"taxonomy":"post_tag","embeddable":true,"href":"https:\/\/www.trabajoenzamora.com\/blog\/wp-json\/wp\/v2\/tags?post=2164"}],"curies":[{"name":"wp","href":"https:\/\/api.w.org\/{rel}","templated":true}]}}