{"id":2152,"date":"2023-04-14T05:05:04","date_gmt":"2023-04-14T03:05:04","guid":{"rendered":"https:\/\/www.trabajoenzamora.com\/blog\/?p=2152"},"modified":"2023-04-14T05:05:04","modified_gmt":"2023-04-14T03:05:04","slug":"aptitudes-para-poner-en-un-curriculum","status":"publish","type":"post","link":"https:\/\/www.trabajoenzamora.com\/blog\/aptitudes-para-poner-en-un-curriculum\/","title":{"rendered":"Descubre las Aptitudes m\u00e1s relevantes para incluir en tu Curr\u00edculum"},"content":{"rendered":"<h2><span class=\"ez-toc-section\" id=\"Introduccion\"><\/span>Introducci\u00f3n<span class=\"ez-toc-section-end\"><\/span><\/h2><div id=\"ez-toc-container\" class=\"ez-toc-v2_0_82_2 counter-hierarchy ez-toc-counter ez-toc-custom ez-toc-container-direction\">\n<p class=\"ez-toc-title\" style=\"cursor:inherit\">Contenidos<\/p>\n<label for=\"ez-toc-cssicon-toggle-item-69f5533cdba6e\" class=\"ez-toc-cssicon-toggle-label\"><span class=\"ez-toc-cssicon\"><span class=\"eztoc-hide\" style=\"display:none;\">Toggle<\/span><span class=\"ez-toc-icon-toggle-span\"><svg style=\"fill: #686868;color:#686868\" xmlns=\"http:\/\/www.w3.org\/2000\/svg\" class=\"list-377408\" width=\"20px\" height=\"20px\" viewBox=\"0 0 24 24\" fill=\"none\"><path d=\"M6 6H4v2h2V6zm14 0H8v2h12V6zM4 11h2v2H4v-2zm16 0H8v2h12v-2zM4 16h2v2H4v-2zm16 0H8v2h12v-2z\" fill=\"currentColor\"><\/path><\/svg><svg style=\"fill: #686868;color:#686868\" class=\"arrow-unsorted-368013\" xmlns=\"http:\/\/www.w3.org\/2000\/svg\" width=\"10px\" height=\"10px\" viewBox=\"0 0 24 24\" version=\"1.2\" baseProfile=\"tiny\"><path d=\"M18.2 9.3l-6.2-6.3-6.2 6.3c-.2.2-.3.4-.3.7s.1.5.3.7c.2.2.4.3.7.3h11c.3 0 .5-.1.7-.3.2-.2.3-.5.3-.7s-.1-.5-.3-.7zM5.8 14.7l6.2 6.3 6.2-6.3c.2-.2.3-.5.3-.7s-.1-.5-.3-.7c-.2-.2-.4-.3-.7-.3h-11c-.3 0-.5.1-.7.3-.2.2-.3.5-.3.7s.1.5.3.7z\"\/><\/svg><\/span><\/span><\/label><input type=\"checkbox\"  id=\"ez-toc-cssicon-toggle-item-69f5533cdba6e\"  aria-label=\"Alternar\" \/><nav><ul class='ez-toc-list ez-toc-list-level-1 ' ><li class='ez-toc-page-1 ez-toc-heading-level-2'><a class=\"ez-toc-link ez-toc-heading-1\" href=\"https:\/\/www.trabajoenzamora.com\/blog\/aptitudes-para-poner-en-un-curriculum\/#Introduccion\" >Introducci\u00f3n<\/a><\/li><li class='ez-toc-page-1 ez-toc-heading-level-2'><a class=\"ez-toc-link ez-toc-heading-2\" href=\"https:\/\/www.trabajoenzamora.com\/blog\/aptitudes-para-poner-en-un-curriculum\/#Aptitudes_relevantes\" >Aptitudes relevantes<\/a><\/li><li class='ez-toc-page-1 ez-toc-heading-level-2'><a class=\"ez-toc-link ez-toc-heading-3\" href=\"https:\/\/www.trabajoenzamora.com\/blog\/aptitudes-para-poner-en-un-curriculum\/#Otras_aptitudes_importantes\" >Otras aptitudes importantes<\/a><\/li><li class='ez-toc-page-1 ez-toc-heading-level-2'><a class=\"ez-toc-link ez-toc-heading-4\" href=\"https:\/\/www.trabajoenzamora.com\/blog\/aptitudes-para-poner-en-un-curriculum\/#Conclusion\" >Conclusi\u00f3n<\/a><\/li><\/ul><\/nav><\/div>\n\n<p>Cuando se trata de buscar trabajo, es fundamental contar con un curr\u00edculum que destaque nuestras habilidades y competencias. Adem\u00e1s de las experiencias laborales y los estudios realizados, es importante mencionar las aptitudes que poseemos y que pueden ser valoradas por los empleadores.<\/p>\n<p><\/p>\n<div id='video-containerZf510sTIHQM' style='width:100%; height:auto; max-width:587px; position: relative;' onclick='var iframe = document.createElement(\"iframe\"); iframe.src = \"https:\/\/www.youtube.com\/embed\/Zf510sTIHQM?autoplay=1\"; iframe.style.width = \"100%\"; iframe.style.maxWidth = \"800px\"; iframe.frameborder = 0; iframe.allowfullscreen = \"allowfullscreen\"; document.getElementById(\"video-containerZf510sTIHQM\").innerHTML = \"\"; document.getElementById(\"video-containerZf510sTIHQM\").appendChild(iframe);'>\n<div class='image-video-plugin' style='background:url(\"https:\/\/img.youtube.com\/vi\/Zf510sTIHQM\/0.jpg\") center no-repeat; background-size: cover;'><\/div>\n<p><span class='youtube-play-button'><\/span><noscript><a href='https:\/\/www.youtube.com\/watch?v=Zf510sTIHQM' target='_blank' rel=\"noopener\">Play on YouTube<\/a><\/noscript><\/div>\n<p><\/p>\n<h2><span class=\"ez-toc-section\" id=\"Aptitudes_relevantes\"><\/span>Aptitudes relevantes<span class=\"ez-toc-section-end\"><\/span><\/h2>\n<p>Existen algunas aptitudes que son especialmente valoradas en el mercado laboral, por lo que es importante destacarlas en nuestro curr\u00edculum. Algunas de ellas son:<\/p>\n<ul>\n<li><strong>Proactividad:<\/strong> capacidad de anticiparse a los problemas y buscar soluciones antes de que sea necesario.<\/li>\n<li><strong>Trabajo en equipo:<\/strong> habilidad para colaborar con otros y lograr objetivos en com\u00fan.<\/li>\n<li><strong>Comunicaci\u00f3n efectiva:<\/strong> habilidad para expresarse de manera clara y eficaz, tanto de forma oral como escrita.<\/li>\n<li><strong>Creatividad:<\/strong> capacidad de generar nuevas ideas y soluciones innovadoras.<\/li>\n<li><strong>Capacidad de adaptaci\u00f3n:<\/strong> capacidad de hacer frente a diferentes situaciones y adaptarse a ellas.<\/li>\n<\/ul>\n<h2><span class=\"ez-toc-section\" id=\"Otras_aptitudes_importantes\"><\/span>Otras aptitudes importantes<span class=\"ez-toc-section-end\"><\/span><\/h2>\n<p>Adem\u00e1s de las anteriormente mencionadas, existen otras aptitudes que tambi\u00e9n pueden ser relevantes dependiendo del puesto al que se est\u00e9 aplicando. Algunas de ellas son:<\/p>\n<ul>\n<li><strong>Liderazgo:<\/strong> capacidad para influir en otros y dirigir equipos.<\/li>\n<li><strong>An\u00e1lisis de datos:<\/strong> capacidad para interpretar y analizar informaci\u00f3n compleja.<\/li>\n<li><strong>Organizaci\u00f3n:<\/strong> habilidad para planificar y gestionar eficientemente el tiempo.<\/li>\n<li><strong>Negociaci\u00f3n:<\/strong> habilidad para llegar a acuerdos en situaciones de conflicto.<\/li>\n<li><strong>Resoluci\u00f3n de problemas:<\/strong> capacidad para identificar y resolver problemas de manera eficiente.<\/li>\n<\/ul>\n<h2><span class=\"ez-toc-section\" id=\"Conclusion\"><\/span>Conclusi\u00f3n<span class=\"ez-toc-section-end\"><\/span><\/h2>\n<p>En resumen, es importante destacar todas nuestras aptitudes en nuestro curr\u00edculum, ya que \u00e9stas pueden marcar la diferencia en la b\u00fasqueda de empleo. Por lo tanto, es recomendable identificar las aptitudes que poseemos y destacar aquellas que son m\u00e1s relevantes para el puesto al que estamos aplicando.<\/p>\n<link rel='stylesheet' href='https:\/\/www.trabajoenzamora.com\/blog\/wp-content\/plugins\/aitomaticblog\/public\/css\/style-iyr.css' type='text\/css' media='all' \/>\n","protected":false},"excerpt":{"rendered":"<p>Introducci\u00f3n Cuando se trata de buscar trabajo, es fundamental contar con un curr\u00edculum que destaque nuestras habilidades y competencias. Adem\u00e1s de las experiencias laborales y [&hellip;]<\/p>\n","protected":false},"author":1,"featured_media":2153,"comment_status":"open","ping_status":"","sticky":false,"template":"","format":"standard","meta":{"_uag_custom_page_level_css":"","site-sidebar-layout":"default","site-content-layout":"","ast-site-content-layout":"default","site-content-style":"default","site-sidebar-style":"default","ast-global-header-display":"","ast-banner-title-visibility":"","ast-main-header-display":"","ast-hfb-above-header-display":"","ast-hfb-below-header-display":"","ast-hfb-mobile-header-display":"","site-post-title":"","ast-breadcrumbs-content":"","ast-featured-img":"","footer-sml-layout":"","ast-disable-related-posts":"","theme-transparent-header-meta":"","adv-header-id-meta":"","stick-header-meta":"","header-above-stick-meta":"","header-main-stick-meta":"","header-below-stick-meta":"","astra-migrate-meta-layouts":"default","ast-page-background-enabled":"default","ast-page-background-meta":{"desktop":{"background-color":"var(--ast-global-color-4)","background-image":"","background-repeat":"repeat","background-position":"center center","background-size":"auto","background-attachment":"scroll","background-type":"","background-media":"","overlay-type":"","overlay-color":"","overlay-opacity":"","overlay-gradient":""},"tablet":{"background-color":"","background-image":"","background-repeat":"repeat","background-position":"center center","background-size":"auto","background-attachment":"scroll","background-type":"","background-media":"","overlay-type":"","overlay-color":"","overlay-opacity":"","overlay-gradient":""},"mobile":{"background-color":"","background-image":"","background-repeat":"repeat","background-position":"center center","background-size":"auto","background-attachment":"scroll","background-type":"","background-media":"","overlay-type":"","overlay-color":"","overlay-opacity":"","overlay-gradient":""}},"ast-content-background-meta":{"desktop":{"background-color":"var(--ast-global-color-5)","background-image":"","background-repeat":"repeat","background-position":"center center","background-size":"auto","background-attachment":"scroll","background-type":"","background-media":"","overlay-type":"","overlay-color":"","overlay-opacity":"","overlay-gradient":""},"tablet":{"background-color":"var(--ast-global-color-5)","background-image":"","background-repeat":"repeat","background-position":"center center","background-size":"auto","background-attachment":"scroll","background-type":"","background-media":"","overlay-type":"","overlay-color":"","overlay-opacity":"","overlay-gradient":""},"mobile":{"background-color":"var(--ast-global-color-5)","background-image":"","background-repeat":"repeat","background-position":"center center","background-size":"auto","background-attachment":"scroll","background-type":"","background-media":"","overlay-type":"","overlay-color":"","overlay-opacity":"","overlay-gradient":""}},"footnotes":""},"categories":[1],"tags":[],"class_list":["post-2152","post","type-post","status-publish","format-standard","has-post-thumbnail","hentry","category-hacer-un-curriculum"],"uagb_featured_image_src":{"full":["https:\/\/www.trabajoenzamora.com\/blog\/wp-content\/uploads\/2023\/04\/Aptitudes-para-poner-en-un-curriculum.jpg",533,400,false],"thumbnail":["https:\/\/www.trabajoenzamora.com\/blog\/wp-content\/uploads\/2023\/04\/Aptitudes-para-poner-en-un-curriculum-150x150.jpg",150,150,true],"medium":["https:\/\/www.trabajoenzamora.com\/blog\/wp-content\/uploads\/2023\/04\/Aptitudes-para-poner-en-un-curriculum.jpg",300,225,false],"medium_large":["https:\/\/www.trabajoenzamora.com\/blog\/wp-content\/uploads\/2023\/04\/Aptitudes-para-poner-en-un-curriculum.jpg",533,400,false],"large":["https:\/\/www.trabajoenzamora.com\/blog\/wp-content\/uploads\/2023\/04\/Aptitudes-para-poner-en-un-curriculum.jpg",533,400,true],"1536x1536":["https:\/\/www.trabajoenzamora.com\/blog\/wp-content\/uploads\/2023\/04\/Aptitudes-para-poner-en-un-curriculum.jpg",533,400,false],"2048x2048":["https:\/\/www.trabajoenzamora.com\/blog\/wp-content\/uploads\/2023\/04\/Aptitudes-para-poner-en-un-curriculum.jpg",533,400,false]},"uagb_author_info":{"display_name":"xenonfactory","author_link":"https:\/\/www.trabajoenzamora.com\/blog\/author\/xenonfactory\/"},"uagb_comment_info":0,"uagb_excerpt":"Introducci\u00f3n Cuando se trata de buscar trabajo, es fundamental contar con un curr\u00edculum que destaque nuestras habilidades y competencias. Adem\u00e1s de las experiencias laborales y [&hellip;]","amp_enabled":true,"_links":{"self":[{"href":"https:\/\/www.trabajoenzamora.com\/blog\/wp-json\/wp\/v2\/posts\/2152","targetHints":{"allow":["GET"]}}],"collection":[{"href":"https:\/\/www.trabajoenzamora.com\/blog\/wp-json\/wp\/v2\/posts"}],"about":[{"href":"https:\/\/www.trabajoenzamora.com\/blog\/wp-json\/wp\/v2\/types\/post"}],"author":[{"embeddable":true,"href":"https:\/\/www.trabajoenzamora.com\/blog\/wp-json\/wp\/v2\/users\/1"}],"replies":[{"embeddable":true,"href":"https:\/\/www.trabajoenzamora.com\/blog\/wp-json\/wp\/v2\/comments?post=2152"}],"version-history":[{"count":0,"href":"https:\/\/www.trabajoenzamora.com\/blog\/wp-json\/wp\/v2\/posts\/2152\/revisions"}],"wp:featuredmedia":[{"embeddable":true,"href":"https:\/\/www.trabajoenzamora.com\/blog\/wp-json\/wp\/v2\/media\/2153"}],"wp:attachment":[{"href":"https:\/\/www.trabajoenzamora.com\/blog\/wp-json\/wp\/v2\/media?parent=2152"}],"wp:term":[{"taxonomy":"category","embeddable":true,"href":"https:\/\/www.trabajoenzamora.com\/blog\/wp-json\/wp\/v2\/categories?post=2152"},{"taxonomy":"post_tag","embeddable":true,"href":"https:\/\/www.trabajoenzamora.com\/blog\/wp-json\/wp\/v2\/tags?post=2152"}],"curies":[{"name":"wp","href":"https:\/\/api.w.org\/{rel}","templated":true}]}}