{"id":2116,"date":"2023-04-13T02:05:07","date_gmt":"2023-04-13T00:05:07","guid":{"rendered":"https:\/\/www.trabajoenzamora.com\/blog\/?p=2116"},"modified":"2023-04-13T02:05:07","modified_gmt":"2023-04-13T00:05:07","slug":"se-pone-la-edad-en-el-curriculum","status":"publish","type":"post","link":"https:\/\/www.trabajoenzamora.com\/blog\/se-pone-la-edad-en-el-curriculum\/","title":{"rendered":"\u00bfEs efectivo incluir la edad en el curr\u00edculum? &#8211; Descubre c\u00f3mo hacerlo de manera estrat\u00e9gica"},"content":{"rendered":"<p><\/p>\n<div id='video-containerru9-Qd1iH_M' style='width:100%; height:auto; max-width:587px; position: relative;' onclick='var iframe = document.createElement(\"iframe\"); iframe.src = \"https:\/\/www.youtube.com\/embed\/ru9-Qd1iH_M?autoplay=1\"; iframe.style.width = \"100%\"; iframe.style.maxWidth = \"800px\"; iframe.frameborder = 0; iframe.allowfullscreen = \"allowfullscreen\"; document.getElementById(\"video-containerru9-Qd1iH_M\").innerHTML = \"\"; document.getElementById(\"video-containerru9-Qd1iH_M\").appendChild(iframe);'>\n<div class='image-video-plugin' style='background:url(\"https:\/\/img.youtube.com\/vi\/ru9-Qd1iH_M\/0.jpg\") center no-repeat; background-size: cover;'><\/div>\n<p><span class='youtube-play-button'><\/span><noscript><a href='https:\/\/www.youtube.com\/watch?v=ru9-Qd1iH_M' target='_blank' rel=\"noopener\">Play on YouTube<\/a><\/noscript><\/div>\n<p><\/p>\n<h2><span class=\"ez-toc-section\" id=\"%C2%BFDebo_poner_mi_edad_en_el_curriculum\"><\/span>\u00bfDebo poner mi edad en el curr\u00edculum?<span class=\"ez-toc-section-end\"><\/span><\/h2><div id=\"ez-toc-container\" class=\"ez-toc-v2_0_82_2 counter-hierarchy ez-toc-counter ez-toc-custom ez-toc-container-direction\">\n<p class=\"ez-toc-title\" style=\"cursor:inherit\">Contenidos<\/p>\n<label for=\"ez-toc-cssicon-toggle-item-69f55337d60ac\" class=\"ez-toc-cssicon-toggle-label\"><span class=\"ez-toc-cssicon\"><span class=\"eztoc-hide\" style=\"display:none;\">Toggle<\/span><span class=\"ez-toc-icon-toggle-span\"><svg style=\"fill: #686868;color:#686868\" xmlns=\"http:\/\/www.w3.org\/2000\/svg\" class=\"list-377408\" width=\"20px\" height=\"20px\" viewBox=\"0 0 24 24\" fill=\"none\"><path d=\"M6 6H4v2h2V6zm14 0H8v2h12V6zM4 11h2v2H4v-2zm16 0H8v2h12v-2zM4 16h2v2H4v-2zm16 0H8v2h12v-2z\" fill=\"currentColor\"><\/path><\/svg><svg style=\"fill: #686868;color:#686868\" class=\"arrow-unsorted-368013\" xmlns=\"http:\/\/www.w3.org\/2000\/svg\" width=\"10px\" height=\"10px\" viewBox=\"0 0 24 24\" version=\"1.2\" baseProfile=\"tiny\"><path d=\"M18.2 9.3l-6.2-6.3-6.2 6.3c-.2.2-.3.4-.3.7s.1.5.3.7c.2.2.4.3.7.3h11c.3 0 .5-.1.7-.3.2-.2.3-.5.3-.7s-.1-.5-.3-.7zM5.8 14.7l6.2 6.3 6.2-6.3c.2-.2.3-.5.3-.7s-.1-.5-.3-.7c-.2-.2-.4-.3-.7-.3h-11c-.3 0-.5.1-.7.3-.2.2-.3.5-.3.7s.1.5.3.7z\"\/><\/svg><\/span><\/span><\/label><input type=\"checkbox\"  id=\"ez-toc-cssicon-toggle-item-69f55337d60ac\"  aria-label=\"Alternar\" \/><nav><ul class='ez-toc-list ez-toc-list-level-1 ' ><li class='ez-toc-page-1 ez-toc-heading-level-2'><a class=\"ez-toc-link ez-toc-heading-1\" href=\"https:\/\/www.trabajoenzamora.com\/blog\/se-pone-la-edad-en-el-curriculum\/#%C2%BFDebo_poner_mi_edad_en_el_curriculum\" >\u00bfDebo poner mi edad en el curr\u00edculum?<\/a><ul class='ez-toc-list-level-3' ><li class='ez-toc-heading-level-3'><a class=\"ez-toc-link ez-toc-heading-2\" href=\"https:\/\/www.trabajoenzamora.com\/blog\/se-pone-la-edad-en-el-curriculum\/#Pros_de_poner_la_edad_en_el_curriculum\" >Pros de poner la edad en el curr\u00edculum<\/a><\/li><li class='ez-toc-page-1 ez-toc-heading-level-3'><a class=\"ez-toc-link ez-toc-heading-3\" href=\"https:\/\/www.trabajoenzamora.com\/blog\/se-pone-la-edad-en-el-curriculum\/#Contras_de_poner_la_edad_en_el_curriculum\" >Contras de poner la edad en el curr\u00edculum<\/a><\/li><\/ul><\/li><li class='ez-toc-page-1 ez-toc-heading-level-2'><a class=\"ez-toc-link ez-toc-heading-4\" href=\"https:\/\/www.trabajoenzamora.com\/blog\/se-pone-la-edad-en-el-curriculum\/#%C2%BFQue_puedo_hacer_en_lugar_de_poner_mi_edad_en_el_curriculum\" >\u00bfQu\u00e9 puedo hacer en lugar de poner mi edad en el curr\u00edculum?<\/a><\/li><li class='ez-toc-page-1 ez-toc-heading-level-2'><a class=\"ez-toc-link ez-toc-heading-5\" href=\"https:\/\/www.trabajoenzamora.com\/blog\/se-pone-la-edad-en-el-curriculum\/#Conclusion\" >Conclusi\u00f3n<\/a><\/li><\/ul><\/nav><\/div>\n\n<p>Esta es una pregunta com\u00fan que muchos buscadores de trabajo se hacen al momento de crear su curr\u00edculum. Algunas personas consideran que poner su edad puede beneficiarles en la b\u00fasqueda de empleo, mientras que otros piensan que puede ser una desventaja.<\/p>\n<h3><span class=\"ez-toc-section\" id=\"Pros_de_poner_la_edad_en_el_curriculum\"><\/span>Pros de poner la edad en el curr\u00edculum<span class=\"ez-toc-section-end\"><\/span><\/h3>\n<ul>\n<li>Transparencia: Al incluir tu edad en el curr\u00edculum, demuestras transparencia sobre tu experiencia laboral y tu vida profesional.<\/li>\n<li>Experiencia: Si tienes una larga trayectoria laboral, tu edad puede demostrar que tienes experiencia y madurez en el \u00e1mbito profesional.<\/li>\n<li>Expectativas salariales: Tu edad puede ser un indicador de tus expectativas salariales, lo cual puede ser \u00fatil para los empleadores al momento de ofrecerte un salario justo.<\/li>\n<\/ul>\n<h3><span class=\"ez-toc-section\" id=\"Contras_de_poner_la_edad_en_el_curriculum\"><\/span>Contras de poner la edad en el curr\u00edculum<span class=\"ez-toc-section-end\"><\/span><\/h3>\n<ul>\n<li>Discriminaci\u00f3n: Desafortunadamente, la discriminaci\u00f3n por edad puede ser com\u00fan en algunos \u00e1mbitos laborales.<\/li>\n<li>Competencia: Si tienes una edad avanzada, es posible que los empleadores te consideren menos competitivo que los candidatos m\u00e1s j\u00f3venes.<\/li>\n<li>Identidad: En algunos casos, la edad puede ser un factor irrelevante en el trabajo, por lo que no es necesario incluirla en el curr\u00edculum.<\/li>\n<\/ul>\n<h2><span class=\"ez-toc-section\" id=\"%C2%BFQue_puedo_hacer_en_lugar_de_poner_mi_edad_en_el_curriculum\"><\/span>\u00bfQu\u00e9 puedo hacer en lugar de poner mi edad en el curr\u00edculum?<span class=\"ez-toc-section-end\"><\/span><\/h2>\n<p>Si prefieres no incluir tu edad en el curr\u00edculum, existen otras opciones que te permiten mostrar tu experiencia laboral y tus habilidades profesionales.<\/p>\n<ul>\n<li>Incluye tus a\u00f1os de experiencia.<\/li>\n<li>Destaca tus logros y \u00e1reas de especializaci\u00f3n.<\/li>\n<li>Utiliza palabras clave relacionadas con tu profesi\u00f3n.<\/li>\n<li>Presenta referencias que puedan respaldar tu experiencia laboral.<\/li>\n<\/ul>\n<h2><span class=\"ez-toc-section\" id=\"Conclusion\"><\/span>Conclusi\u00f3n<span class=\"ez-toc-section-end\"><\/span><\/h2>\n<p>En resumen, poner o no tu edad en el curr\u00edculum es una decisi\u00f3n personal. Si decides hacerlo, aseg\u00farate de que sea relevante para el puesto al que est\u00e1s aplicando y que no vaya a ser una desventaja. Si prefieres no incluirlo, utiliza otras herramientas para destacar tu experiencia y habilidades profesionales.<\/p>\n<link rel='stylesheet' href='https:\/\/www.trabajoenzamora.com\/blog\/wp-content\/plugins\/aitomaticblog\/public\/css\/style-iyr.css' type='text\/css' media='all' \/>\n","protected":false},"excerpt":{"rendered":"<p>Play on YouTube \u00bfDebo poner mi edad en el curr\u00edculum? Esta es una pregunta com\u00fan que muchos buscadores de trabajo se hacen al momento de [&hellip;]<\/p>\n","protected":false},"author":1,"featured_media":2117,"comment_status":"open","ping_status":"","sticky":false,"template":"","format":"standard","meta":{"_uag_custom_page_level_css":"","site-sidebar-layout":"default","site-content-layout":"","ast-site-content-layout":"default","site-content-style":"default","site-sidebar-style":"default","ast-global-header-display":"","ast-banner-title-visibility":"","ast-main-header-display":"","ast-hfb-above-header-display":"","ast-hfb-below-header-display":"","ast-hfb-mobile-header-display":"","site-post-title":"","ast-breadcrumbs-content":"","ast-featured-img":"","footer-sml-layout":"","ast-disable-related-posts":"","theme-transparent-header-meta":"","adv-header-id-meta":"","stick-header-meta":"","header-above-stick-meta":"","header-main-stick-meta":"","header-below-stick-meta":"","astra-migrate-meta-layouts":"default","ast-page-background-enabled":"default","ast-page-background-meta":{"desktop":{"background-color":"var(--ast-global-color-4)","background-image":"","background-repeat":"repeat","background-position":"center center","background-size":"auto","background-attachment":"scroll","background-type":"","background-media":"","overlay-type":"","overlay-color":"","overlay-opacity":"","overlay-gradient":""},"tablet":{"background-color":"","background-image":"","background-repeat":"repeat","background-position":"center center","background-size":"auto","background-attachment":"scroll","background-type":"","background-media":"","overlay-type":"","overlay-color":"","overlay-opacity":"","overlay-gradient":""},"mobile":{"background-color":"","background-image":"","background-repeat":"repeat","background-position":"center center","background-size":"auto","background-attachment":"scroll","background-type":"","background-media":"","overlay-type":"","overlay-color":"","overlay-opacity":"","overlay-gradient":""}},"ast-content-background-meta":{"desktop":{"background-color":"var(--ast-global-color-5)","background-image":"","background-repeat":"repeat","background-position":"center center","background-size":"auto","background-attachment":"scroll","background-type":"","background-media":"","overlay-type":"","overlay-color":"","overlay-opacity":"","overlay-gradient":""},"tablet":{"background-color":"var(--ast-global-color-5)","background-image":"","background-repeat":"repeat","background-position":"center center","background-size":"auto","background-attachment":"scroll","background-type":"","background-media":"","overlay-type":"","overlay-color":"","overlay-opacity":"","overlay-gradient":""},"mobile":{"background-color":"var(--ast-global-color-5)","background-image":"","background-repeat":"repeat","background-position":"center center","background-size":"auto","background-attachment":"scroll","background-type":"","background-media":"","overlay-type":"","overlay-color":"","overlay-opacity":"","overlay-gradient":""}},"footnotes":""},"categories":[1],"tags":[],"class_list":["post-2116","post","type-post","status-publish","format-standard","has-post-thumbnail","hentry","category-hacer-un-curriculum"],"uagb_featured_image_src":{"full":["https:\/\/www.trabajoenzamora.com\/blog\/wp-content\/uploads\/2023\/04\/Se-pone-la-edad-en-el-curriculum.jpg",711,400,false],"thumbnail":["https:\/\/www.trabajoenzamora.com\/blog\/wp-content\/uploads\/2023\/04\/Se-pone-la-edad-en-el-curriculum-150x150.jpg",150,150,true],"medium":["https:\/\/www.trabajoenzamora.com\/blog\/wp-content\/uploads\/2023\/04\/Se-pone-la-edad-en-el-curriculum.jpg",300,169,false],"medium_large":["https:\/\/www.trabajoenzamora.com\/blog\/wp-content\/uploads\/2023\/04\/Se-pone-la-edad-en-el-curriculum.jpg",711,400,false],"large":["https:\/\/www.trabajoenzamora.com\/blog\/wp-content\/uploads\/2023\/04\/Se-pone-la-edad-en-el-curriculum.jpg",711,400,true],"1536x1536":["https:\/\/www.trabajoenzamora.com\/blog\/wp-content\/uploads\/2023\/04\/Se-pone-la-edad-en-el-curriculum.jpg",711,400,false],"2048x2048":["https:\/\/www.trabajoenzamora.com\/blog\/wp-content\/uploads\/2023\/04\/Se-pone-la-edad-en-el-curriculum.jpg",711,400,false]},"uagb_author_info":{"display_name":"xenonfactory","author_link":"https:\/\/www.trabajoenzamora.com\/blog\/author\/xenonfactory\/"},"uagb_comment_info":0,"uagb_excerpt":"Play on YouTube \u00bfDebo poner mi edad en el curr\u00edculum? Esta es una pregunta com\u00fan que muchos buscadores de trabajo se hacen al momento de [&hellip;]","amp_enabled":true,"_links":{"self":[{"href":"https:\/\/www.trabajoenzamora.com\/blog\/wp-json\/wp\/v2\/posts\/2116","targetHints":{"allow":["GET"]}}],"collection":[{"href":"https:\/\/www.trabajoenzamora.com\/blog\/wp-json\/wp\/v2\/posts"}],"about":[{"href":"https:\/\/www.trabajoenzamora.com\/blog\/wp-json\/wp\/v2\/types\/post"}],"author":[{"embeddable":true,"href":"https:\/\/www.trabajoenzamora.com\/blog\/wp-json\/wp\/v2\/users\/1"}],"replies":[{"embeddable":true,"href":"https:\/\/www.trabajoenzamora.com\/blog\/wp-json\/wp\/v2\/comments?post=2116"}],"version-history":[{"count":0,"href":"https:\/\/www.trabajoenzamora.com\/blog\/wp-json\/wp\/v2\/posts\/2116\/revisions"}],"wp:featuredmedia":[{"embeddable":true,"href":"https:\/\/www.trabajoenzamora.com\/blog\/wp-json\/wp\/v2\/media\/2117"}],"wp:attachment":[{"href":"https:\/\/www.trabajoenzamora.com\/blog\/wp-json\/wp\/v2\/media?parent=2116"}],"wp:term":[{"taxonomy":"category","embeddable":true,"href":"https:\/\/www.trabajoenzamora.com\/blog\/wp-json\/wp\/v2\/categories?post=2116"},{"taxonomy":"post_tag","embeddable":true,"href":"https:\/\/www.trabajoenzamora.com\/blog\/wp-json\/wp\/v2\/tags?post=2116"}],"curies":[{"name":"wp","href":"https:\/\/api.w.org\/{rel}","templated":true}]}}