{"id":2112,"date":"2023-04-12T15:05:05","date_gmt":"2023-04-12T13:05:05","guid":{"rendered":"https:\/\/www.trabajoenzamora.com\/blog\/?p=2112"},"modified":"2023-04-12T15:05:05","modified_gmt":"2023-04-12T13:05:05","slug":"que-se-debe-poner-en-el-perfil-de-un-curriculum","status":"publish","type":"post","link":"https:\/\/www.trabajoenzamora.com\/blog\/que-se-debe-poner-en-el-perfil-de-un-curriculum\/","title":{"rendered":"Consejos para el perfil perfecto en tu curr\u00edculum: Qu\u00e9 informaci\u00f3n incluir"},"content":{"rendered":"<h2><span class=\"ez-toc-section\" id=\"Introduccion\"><\/span>Introducci\u00f3n<span class=\"ez-toc-section-end\"><\/span><\/h2><div id=\"ez-toc-container\" class=\"ez-toc-v2_0_82_2 counter-hierarchy ez-toc-counter ez-toc-custom ez-toc-container-direction\">\n<p class=\"ez-toc-title\" style=\"cursor:inherit\">Contenidos<\/p>\n<label for=\"ez-toc-cssicon-toggle-item-69f5535714754\" class=\"ez-toc-cssicon-toggle-label\"><span class=\"ez-toc-cssicon\"><span class=\"eztoc-hide\" style=\"display:none;\">Toggle<\/span><span class=\"ez-toc-icon-toggle-span\"><svg style=\"fill: #686868;color:#686868\" xmlns=\"http:\/\/www.w3.org\/2000\/svg\" class=\"list-377408\" width=\"20px\" height=\"20px\" viewBox=\"0 0 24 24\" fill=\"none\"><path d=\"M6 6H4v2h2V6zm14 0H8v2h12V6zM4 11h2v2H4v-2zm16 0H8v2h12v-2zM4 16h2v2H4v-2zm16 0H8v2h12v-2z\" fill=\"currentColor\"><\/path><\/svg><svg style=\"fill: #686868;color:#686868\" class=\"arrow-unsorted-368013\" xmlns=\"http:\/\/www.w3.org\/2000\/svg\" width=\"10px\" height=\"10px\" viewBox=\"0 0 24 24\" version=\"1.2\" baseProfile=\"tiny\"><path d=\"M18.2 9.3l-6.2-6.3-6.2 6.3c-.2.2-.3.4-.3.7s.1.5.3.7c.2.2.4.3.7.3h11c.3 0 .5-.1.7-.3.2-.2.3-.5.3-.7s-.1-.5-.3-.7zM5.8 14.7l6.2 6.3 6.2-6.3c.2-.2.3-.5.3-.7s-.1-.5-.3-.7c-.2-.2-.4-.3-.7-.3h-11c-.3 0-.5.1-.7.3-.2.2-.3.5-.3.7s.1.5.3.7z\"\/><\/svg><\/span><\/span><\/label><input type=\"checkbox\"  id=\"ez-toc-cssicon-toggle-item-69f5535714754\"  aria-label=\"Alternar\" \/><nav><ul class='ez-toc-list ez-toc-list-level-1 ' ><li class='ez-toc-page-1 ez-toc-heading-level-2'><a class=\"ez-toc-link ez-toc-heading-1\" href=\"https:\/\/www.trabajoenzamora.com\/blog\/que-se-debe-poner-en-el-perfil-de-un-curriculum\/#Introduccion\" >Introducci\u00f3n<\/a><\/li><li class='ez-toc-page-1 ez-toc-heading-level-2'><a class=\"ez-toc-link ez-toc-heading-2\" href=\"https:\/\/www.trabajoenzamora.com\/blog\/que-se-debe-poner-en-el-perfil-de-un-curriculum\/#%C2%BFQue_es_el_perfil\" >\u00bfQu\u00e9 es el perfil?<\/a><\/li><li class='ez-toc-page-1 ez-toc-heading-level-2'><a class=\"ez-toc-link ez-toc-heading-3\" href=\"https:\/\/www.trabajoenzamora.com\/blog\/que-se-debe-poner-en-el-perfil-de-un-curriculum\/#Elementos_que_deben_incluirse_en_el_perfil\" >Elementos que deben incluirse en el perfil<\/a><ul class='ez-toc-list-level-3' ><li class='ez-toc-heading-level-3'><a class=\"ez-toc-link ez-toc-heading-4\" href=\"https:\/\/www.trabajoenzamora.com\/blog\/que-se-debe-poner-en-el-perfil-de-un-curriculum\/#Habilidades\" >Habilidades<\/a><\/li><li class='ez-toc-page-1 ez-toc-heading-level-3'><a class=\"ez-toc-link ez-toc-heading-5\" href=\"https:\/\/www.trabajoenzamora.com\/blog\/que-se-debe-poner-en-el-perfil-de-un-curriculum\/#Experiencia_laboral\" >Experiencia laboral<\/a><\/li><li class='ez-toc-page-1 ez-toc-heading-level-3'><a class=\"ez-toc-link ez-toc-heading-6\" href=\"https:\/\/www.trabajoenzamora.com\/blog\/que-se-debe-poner-en-el-perfil-de-un-curriculum\/#Formacion\" >Formaci\u00f3n<\/a><\/li><li class='ez-toc-page-1 ez-toc-heading-level-3'><a class=\"ez-toc-link ez-toc-heading-7\" href=\"https:\/\/www.trabajoenzamora.com\/blog\/que-se-debe-poner-en-el-perfil-de-un-curriculum\/#Objetivos_laborales\" >Objetivos laborales<\/a><\/li><\/ul><\/li><li class='ez-toc-page-1 ez-toc-heading-level-2'><a class=\"ez-toc-link ez-toc-heading-8\" href=\"https:\/\/www.trabajoenzamora.com\/blog\/que-se-debe-poner-en-el-perfil-de-un-curriculum\/#Listas_en_HTML\" >Listas en HTML<\/a><ul class='ez-toc-list-level-3' ><li class='ez-toc-heading-level-3'><a class=\"ez-toc-link ez-toc-heading-9\" href=\"https:\/\/www.trabajoenzamora.com\/blog\/que-se-debe-poner-en-el-perfil-de-un-curriculum\/#Listas_ordenadas\" >Listas ordenadas<\/a><\/li><li class='ez-toc-page-1 ez-toc-heading-level-3'><a class=\"ez-toc-link ez-toc-heading-10\" href=\"https:\/\/www.trabajoenzamora.com\/blog\/que-se-debe-poner-en-el-perfil-de-un-curriculum\/#Listas_desordenadas\" >Listas desordenadas<\/a><\/li><\/ul><\/li><li class='ez-toc-page-1 ez-toc-heading-level-2'><a class=\"ez-toc-link ez-toc-heading-11\" href=\"https:\/\/www.trabajoenzamora.com\/blog\/que-se-debe-poner-en-el-perfil-de-un-curriculum\/#Conclusiones\" >Conclusiones<\/a><\/li><\/ul><\/nav><\/div>\n\n<p>El curr\u00edculum vitae es una herramienta imprescindible para encontrar trabajo. Es nuestra carta de presentaci\u00f3n y la primera impresi\u00f3n que los empleadores tienen de nosotros. Por eso, es importante dedicarle tiempo y esfuerzo para que sea un buen reflejo de nuestra formaci\u00f3n y nuestras habilidades. En este art\u00edculo hablaremos de la importancia del perfil y qu\u00e9 elementos deben de incluirse en \u00e9l.<\/p>\n<h2><span class=\"ez-toc-section\" id=\"%C2%BFQue_es_el_perfil\"><\/span>\u00bfQu\u00e9 es el perfil?<span class=\"ez-toc-section-end\"><\/span><\/h2>\n<p>El perfil profesional es un breve resumen en el que se resaltan nuestras habilidades, logros y objetivos laborales. Debe ser breve, concreto y estar escrito en primera persona. Su objetivo es captar la atenci\u00f3n del reclutador y hacerle ver que somos los candidatos ideales para el puesto de trabajo.<\/p>\n<h2><span class=\"ez-toc-section\" id=\"Elementos_que_deben_incluirse_en_el_perfil\"><\/span>Elementos que deben incluirse en el perfil<span class=\"ez-toc-section-end\"><\/span><\/h2>\n<h3><span class=\"ez-toc-section\" id=\"Habilidades\"><\/span>Habilidades<span class=\"ez-toc-section-end\"><\/span><\/h3>\n<p>Es importante destacar nuestras habilidades, ya que estas son las que nos hacen destacar ante los dem\u00e1s candidatos. Se debe incluir aquellas habilidades que sean relevantes para el puesto al que estamos optando. Por ejemplo, si estamos aplicando para un trabajo de dise\u00f1o gr\u00e1fico, ser\u00eda relevante incluir habilidades en programas de dise\u00f1o (Photoshop, InDesign, etc.)<\/p>\n<h3><span class=\"ez-toc-section\" id=\"Experiencia_laboral\"><\/span>Experiencia laboral<span class=\"ez-toc-section-end\"><\/span><\/h3>\n<p>En el perfil tambi\u00e9n se debe incluir la experiencia laboral, t\u00edtulos y responsabilidades de cada trabajo. Es importante destacar aquellas tareas que sean relevantes para el puesto al que nos presentamos. Adem\u00e1s, se debe incluir el periodo de tiempo que se ha trabajado en cada empresa.<\/p>\n<h3><span class=\"ez-toc-section\" id=\"Formacion\"><\/span>Formaci\u00f3n<span class=\"ez-toc-section-end\"><\/span><\/h3>\n<p>Otro punto importante en el perfil es la formaci\u00f3n acad\u00e9mica. Debe incluirse la educaci\u00f3n superior y cualquier curso o certificaci\u00f3n relevante para el puesto al que nos estamos presentando.<\/p>\n<h3><span class=\"ez-toc-section\" id=\"Objetivos_laborales\"><\/span>Objetivos laborales<span class=\"ez-toc-section-end\"><\/span><\/h3>\n<p>Por \u00faltimo, el perfil debe incluir los objetivos laborales. En esta secci\u00f3n se debe incluir qu\u00e9 tipo de trabajo se busca y las expectativas de crecimiento en la empresa.<\/p>\n<h2><span class=\"ez-toc-section\" id=\"Listas_en_HTML\"><\/span>Listas en HTML<span class=\"ez-toc-section-end\"><\/span><\/h2>\n<p>Las listas son una herramienta muy \u00fatil para la organizaci\u00f3n de informaci\u00f3n en el curr\u00edculum. Hay dos tipos de listas: ordenadas y desordenadas.<\/p>\n<p><\/p>\n<div id='video-containerZG8451rLHEw' style='width:100%; height:auto; max-width:587px; position: relative;' onclick='var iframe = document.createElement(\"iframe\"); iframe.src = \"https:\/\/www.youtube.com\/embed\/ZG8451rLHEw?autoplay=1\"; iframe.style.width = \"100%\"; iframe.style.maxWidth = \"800px\"; iframe.frameborder = 0; iframe.allowfullscreen = \"allowfullscreen\"; document.getElementById(\"video-containerZG8451rLHEw\").innerHTML = \"\"; document.getElementById(\"video-containerZG8451rLHEw\").appendChild(iframe);'>\n<div class='image-video-plugin' style='background:url(\"https:\/\/img.youtube.com\/vi\/ZG8451rLHEw\/0.jpg\") center no-repeat; background-size: cover;'><\/div>\n<p><span class='youtube-play-button'><\/span><noscript><a href='https:\/\/www.youtube.com\/watch?v=ZG8451rLHEw' target='_blank' rel=\"noopener\">Play on YouTube<\/a><\/noscript><\/div>\n<p><\/p>\n<h3><span class=\"ez-toc-section\" id=\"Listas_ordenadas\"><\/span>Listas ordenadas<span class=\"ez-toc-section-end\"><\/span><\/h3>\n<ol>\n<li>Habilidades:<\/li>\n<ul>\n<li>Dominio de programas de dise\u00f1o<\/li>\n<li>Buenas habilidades de comunicaci\u00f3n<\/li>\n<\/ul>\n<li>Experiencia laboral:<\/li>\n<ul>\n<li>Empresa A: Dise\u00f1ador gr\u00e1fico (2018-2020)<\/li>\n<li>Empresa B: Dise\u00f1ador web (2016-2018)<\/li>\n<\/ul>\n<li>Formaci\u00f3n:<\/li>\n<ul>\n<li>Grado en Dise\u00f1o Gr\u00e1fico (2013-2017)<\/li>\n<li>Curso de Ilustraci\u00f3n Digital (2015)<\/li>\n<\/ul>\n<li>Objetivos laborales:<\/li>\n<ul>\n<li>Trabajar en una empresa l\u00edder en dise\u00f1o gr\u00e1fico<\/li>\n<li>Crecimiento profesional en un entorno innovador<\/li>\n<\/ul>\n<\/ol>\n<h3><span class=\"ez-toc-section\" id=\"Listas_desordenadas\"><\/span>Listas desordenadas<span class=\"ez-toc-section-end\"><\/span><\/h3>\n<ul>\n<li><b>Habilidades:<\/b><\/li>\n<ul>\n<li><b>Dominio de programas de dise\u00f1o<\/b><\/li>\n<li>Buenas habilidades de comunicaci\u00f3n<\/li>\n<\/ul>\n<li><b>Experiencia laboral:<\/b><\/li>\n<ul>\n<li>Empresa A: Dise\u00f1ador gr\u00e1fico (2018-2020)<\/li>\n<li>Empresa B: Dise\u00f1ador web (2016-2018)<\/li>\n<\/ul>\n<li><b>Formaci\u00f3n:<\/b><\/li>\n<ul>\n<li>Grado en Dise\u00f1o Gr\u00e1fico (2013-2017)<\/li>\n<li>Curso de Ilustraci\u00f3n Digital (2015)<\/li>\n<\/ul>\n<li><b>Objetivos laborales:<\/b><\/li>\n<ul>\n<li>Trabajar en una empresa l\u00edder en dise\u00f1o gr\u00e1fico<\/li>\n<li>Crecimiento profesional en un entorno innovador<\/li>\n<\/ul>\n<\/ul>\n<h2><span class=\"ez-toc-section\" id=\"Conclusiones\"><\/span>Conclusiones<span class=\"ez-toc-section-end\"><\/span><\/h2>\n<p>En resumen, el perfil profesional es una parte fundamental del curr\u00edculum vitae. Debe incluir los elementos m\u00e1s relevantes que puedan captar la atenci\u00f3n del reclutador y hacerle ver por qu\u00e9 somos los candidatos ideales para el puesto de trabajo. Incluir las habilidades, la experiencia laboral, la formaci\u00f3n y los objetivos laborales en el perfil es una forma de conseguir ese objetivo.<\/p>\n<link rel='stylesheet' href='https:\/\/www.trabajoenzamora.com\/blog\/wp-content\/plugins\/aitomaticblog\/public\/css\/style-iyr.css' type='text\/css' media='all' \/>\n","protected":false},"excerpt":{"rendered":"<p>Introducci\u00f3n El curr\u00edculum vitae es una herramienta imprescindible para encontrar trabajo. Es nuestra carta de presentaci\u00f3n y la primera impresi\u00f3n que los empleadores tienen de [&hellip;]<\/p>\n","protected":false},"author":1,"featured_media":2113,"comment_status":"open","ping_status":"","sticky":false,"template":"","format":"standard","meta":{"_uag_custom_page_level_css":"","site-sidebar-layout":"default","site-content-layout":"","ast-site-content-layout":"default","site-content-style":"default","site-sidebar-style":"default","ast-global-header-display":"","ast-banner-title-visibility":"","ast-main-header-display":"","ast-hfb-above-header-display":"","ast-hfb-below-header-display":"","ast-hfb-mobile-header-display":"","site-post-title":"","ast-breadcrumbs-content":"","ast-featured-img":"","footer-sml-layout":"","ast-disable-related-posts":"","theme-transparent-header-meta":"","adv-header-id-meta":"","stick-header-meta":"","header-above-stick-meta":"","header-main-stick-meta":"","header-below-stick-meta":"","astra-migrate-meta-layouts":"default","ast-page-background-enabled":"default","ast-page-background-meta":{"desktop":{"background-color":"var(--ast-global-color-4)","background-image":"","background-repeat":"repeat","background-position":"center center","background-size":"auto","background-attachment":"scroll","background-type":"","background-media":"","overlay-type":"","overlay-color":"","overlay-opacity":"","overlay-gradient":""},"tablet":{"background-color":"","background-image":"","background-repeat":"repeat","background-position":"center center","background-size":"auto","background-attachment":"scroll","background-type":"","background-media":"","overlay-type":"","overlay-color":"","overlay-opacity":"","overlay-gradient":""},"mobile":{"background-color":"","background-image":"","background-repeat":"repeat","background-position":"center center","background-size":"auto","background-attachment":"scroll","background-type":"","background-media":"","overlay-type":"","overlay-color":"","overlay-opacity":"","overlay-gradient":""}},"ast-content-background-meta":{"desktop":{"background-color":"var(--ast-global-color-5)","background-image":"","background-repeat":"repeat","background-position":"center center","background-size":"auto","background-attachment":"scroll","background-type":"","background-media":"","overlay-type":"","overlay-color":"","overlay-opacity":"","overlay-gradient":""},"tablet":{"background-color":"var(--ast-global-color-5)","background-image":"","background-repeat":"repeat","background-position":"center center","background-size":"auto","background-attachment":"scroll","background-type":"","background-media":"","overlay-type":"","overlay-color":"","overlay-opacity":"","overlay-gradient":""},"mobile":{"background-color":"var(--ast-global-color-5)","background-image":"","background-repeat":"repeat","background-position":"center center","background-size":"auto","background-attachment":"scroll","background-type":"","background-media":"","overlay-type":"","overlay-color":"","overlay-opacity":"","overlay-gradient":""}},"footnotes":""},"categories":[1],"tags":[],"class_list":["post-2112","post","type-post","status-publish","format-standard","has-post-thumbnail","hentry","category-hacer-un-curriculum"],"uagb_featured_image_src":{"full":["https:\/\/www.trabajoenzamora.com\/blog\/wp-content\/uploads\/2023\/04\/Que-se-debe-poner-en-el-perfil-de-un-curriculum.jpg",711,400,false],"thumbnail":["https:\/\/www.trabajoenzamora.com\/blog\/wp-content\/uploads\/2023\/04\/Que-se-debe-poner-en-el-perfil-de-un-curriculum-150x150.jpg",150,150,true],"medium":["https:\/\/www.trabajoenzamora.com\/blog\/wp-content\/uploads\/2023\/04\/Que-se-debe-poner-en-el-perfil-de-un-curriculum.jpg",300,169,false],"medium_large":["https:\/\/www.trabajoenzamora.com\/blog\/wp-content\/uploads\/2023\/04\/Que-se-debe-poner-en-el-perfil-de-un-curriculum.jpg",711,400,false],"large":["https:\/\/www.trabajoenzamora.com\/blog\/wp-content\/uploads\/2023\/04\/Que-se-debe-poner-en-el-perfil-de-un-curriculum.jpg",711,400,true],"1536x1536":["https:\/\/www.trabajoenzamora.com\/blog\/wp-content\/uploads\/2023\/04\/Que-se-debe-poner-en-el-perfil-de-un-curriculum.jpg",711,400,false],"2048x2048":["https:\/\/www.trabajoenzamora.com\/blog\/wp-content\/uploads\/2023\/04\/Que-se-debe-poner-en-el-perfil-de-un-curriculum.jpg",711,400,false]},"uagb_author_info":{"display_name":"xenonfactory","author_link":"https:\/\/www.trabajoenzamora.com\/blog\/author\/xenonfactory\/"},"uagb_comment_info":0,"uagb_excerpt":"Introducci\u00f3n El curr\u00edculum vitae es una herramienta imprescindible para encontrar trabajo. Es nuestra carta de presentaci\u00f3n y la primera impresi\u00f3n que los empleadores tienen de [&hellip;]","amp_enabled":true,"_links":{"self":[{"href":"https:\/\/www.trabajoenzamora.com\/blog\/wp-json\/wp\/v2\/posts\/2112","targetHints":{"allow":["GET"]}}],"collection":[{"href":"https:\/\/www.trabajoenzamora.com\/blog\/wp-json\/wp\/v2\/posts"}],"about":[{"href":"https:\/\/www.trabajoenzamora.com\/blog\/wp-json\/wp\/v2\/types\/post"}],"author":[{"embeddable":true,"href":"https:\/\/www.trabajoenzamora.com\/blog\/wp-json\/wp\/v2\/users\/1"}],"replies":[{"embeddable":true,"href":"https:\/\/www.trabajoenzamora.com\/blog\/wp-json\/wp\/v2\/comments?post=2112"}],"version-history":[{"count":0,"href":"https:\/\/www.trabajoenzamora.com\/blog\/wp-json\/wp\/v2\/posts\/2112\/revisions"}],"wp:featuredmedia":[{"embeddable":true,"href":"https:\/\/www.trabajoenzamora.com\/blog\/wp-json\/wp\/v2\/media\/2113"}],"wp:attachment":[{"href":"https:\/\/www.trabajoenzamora.com\/blog\/wp-json\/wp\/v2\/media?parent=2112"}],"wp:term":[{"taxonomy":"category","embeddable":true,"href":"https:\/\/www.trabajoenzamora.com\/blog\/wp-json\/wp\/v2\/categories?post=2112"},{"taxonomy":"post_tag","embeddable":true,"href":"https:\/\/www.trabajoenzamora.com\/blog\/wp-json\/wp\/v2\/tags?post=2112"}],"curies":[{"name":"wp","href":"https:\/\/api.w.org\/{rel}","templated":true}]}}