{"id":2106,"date":"2023-04-12T12:05:05","date_gmt":"2023-04-12T10:05:05","guid":{"rendered":"https:\/\/www.trabajoenzamora.com\/blog\/?p=2106"},"modified":"2023-04-12T12:05:05","modified_gmt":"2023-04-12T10:05:05","slug":"que-pongo-en-el-curriculum-si-no-tengo-experiencia-laboral","status":"publish","type":"post","link":"https:\/\/www.trabajoenzamora.com\/blog\/que-pongo-en-el-curriculum-si-no-tengo-experiencia-laboral\/","title":{"rendered":"Consejos expertos: C\u00f3mo redactar tu curr\u00edculum sin experiencia laboral"},"content":{"rendered":"<h2><span class=\"ez-toc-section\" id=\"Introduccion\"><\/span>Introducci\u00f3n<span class=\"ez-toc-section-end\"><\/span><\/h2><div id=\"ez-toc-container\" class=\"ez-toc-v2_0_82_2 counter-hierarchy ez-toc-counter ez-toc-custom ez-toc-container-direction\">\n<p class=\"ez-toc-title\" style=\"cursor:inherit\">Contenidos<\/p>\n<label for=\"ez-toc-cssicon-toggle-item-69f53f866745e\" class=\"ez-toc-cssicon-toggle-label\"><span class=\"ez-toc-cssicon\"><span class=\"eztoc-hide\" style=\"display:none;\">Toggle<\/span><span class=\"ez-toc-icon-toggle-span\"><svg style=\"fill: #686868;color:#686868\" xmlns=\"http:\/\/www.w3.org\/2000\/svg\" class=\"list-377408\" width=\"20px\" height=\"20px\" viewBox=\"0 0 24 24\" fill=\"none\"><path d=\"M6 6H4v2h2V6zm14 0H8v2h12V6zM4 11h2v2H4v-2zm16 0H8v2h12v-2zM4 16h2v2H4v-2zm16 0H8v2h12v-2z\" fill=\"currentColor\"><\/path><\/svg><svg style=\"fill: #686868;color:#686868\" class=\"arrow-unsorted-368013\" xmlns=\"http:\/\/www.w3.org\/2000\/svg\" width=\"10px\" height=\"10px\" viewBox=\"0 0 24 24\" version=\"1.2\" baseProfile=\"tiny\"><path d=\"M18.2 9.3l-6.2-6.3-6.2 6.3c-.2.2-.3.4-.3.7s.1.5.3.7c.2.2.4.3.7.3h11c.3 0 .5-.1.7-.3.2-.2.3-.5.3-.7s-.1-.5-.3-.7zM5.8 14.7l6.2 6.3 6.2-6.3c.2-.2.3-.5.3-.7s-.1-.5-.3-.7c-.2-.2-.4-.3-.7-.3h-11c-.3 0-.5.1-.7.3-.2.2-.3.5-.3.7s.1.5.3.7z\"\/><\/svg><\/span><\/span><\/label><input type=\"checkbox\"  id=\"ez-toc-cssicon-toggle-item-69f53f866745e\"  aria-label=\"Alternar\" \/><nav><ul class='ez-toc-list ez-toc-list-level-1 ' ><li class='ez-toc-page-1 ez-toc-heading-level-2'><a class=\"ez-toc-link ez-toc-heading-1\" href=\"https:\/\/www.trabajoenzamora.com\/blog\/que-pongo-en-el-curriculum-si-no-tengo-experiencia-laboral\/#Introduccion\" >Introducci\u00f3n<\/a><\/li><li class='ez-toc-page-1 ez-toc-heading-level-2'><a class=\"ez-toc-link ez-toc-heading-2\" href=\"https:\/\/www.trabajoenzamora.com\/blog\/que-pongo-en-el-curriculum-si-no-tengo-experiencia-laboral\/#Formacion_Academica\" >Formaci\u00f3n Acad\u00e9mica<\/a><ul class='ez-toc-list-level-3' ><li class='ez-toc-heading-level-3'><a class=\"ez-toc-link ez-toc-heading-3\" href=\"https:\/\/www.trabajoenzamora.com\/blog\/que-pongo-en-el-curriculum-si-no-tengo-experiencia-laboral\/#Ejemplo\" >Ejemplo:<\/a><\/li><\/ul><\/li><li class='ez-toc-page-1 ez-toc-heading-level-2'><a class=\"ez-toc-link ez-toc-heading-4\" href=\"https:\/\/www.trabajoenzamora.com\/blog\/que-pongo-en-el-curriculum-si-no-tengo-experiencia-laboral\/#Habilidades_y_Capacidades\" >Habilidades y Capacidades<\/a><ul class='ez-toc-list-level-3' ><li class='ez-toc-heading-level-3'><a class=\"ez-toc-link ez-toc-heading-5\" href=\"https:\/\/www.trabajoenzamora.com\/blog\/que-pongo-en-el-curriculum-si-no-tengo-experiencia-laboral\/#Ejemplo-2\" >Ejemplo:<\/a><\/li><\/ul><\/li><li class='ez-toc-page-1 ez-toc-heading-level-2'><a class=\"ez-toc-link ez-toc-heading-6\" href=\"https:\/\/www.trabajoenzamora.com\/blog\/que-pongo-en-el-curriculum-si-no-tengo-experiencia-laboral\/#Experiencia_Laboral\" >Experiencia Laboral<\/a><ul class='ez-toc-list-level-3' ><li class='ez-toc-heading-level-3'><a class=\"ez-toc-link ez-toc-heading-7\" href=\"https:\/\/www.trabajoenzamora.com\/blog\/que-pongo-en-el-curriculum-si-no-tengo-experiencia-laboral\/#Ejemplo-3\" >Ejemplo:<\/a><\/li><\/ul><\/li><li class='ez-toc-page-1 ez-toc-heading-level-2'><a class=\"ez-toc-link ez-toc-heading-8\" href=\"https:\/\/www.trabajoenzamora.com\/blog\/que-pongo-en-el-curriculum-si-no-tengo-experiencia-laboral\/#Conclusion\" >Conclusi\u00f3n<\/a><\/li><\/ul><\/nav><\/div>\n\n<p>A la hora de buscar trabajo, es com\u00fan encontrarse con esta situaci\u00f3n: no se tiene experiencia laboral previa. Pero no te preocupes, porque en este art\u00edculo te daremos algunas claves para que puedas armar un curr\u00edculum atractivo y destacarte en la b\u00fasqueda de empleo, a\u00fan sin contar con experiencia profesional.<\/p>\n<h2><span class=\"ez-toc-section\" id=\"Formacion_Academica\"><\/span>Formaci\u00f3n Acad\u00e9mica<span class=\"ez-toc-section-end\"><\/span><\/h2>\n<p>En un curr\u00edculum sin experiencia laboral, la secci\u00f3n de <strong>formaci\u00f3n acad\u00e9mica<\/strong> suele ser la m\u00e1s importante. Es fundamental que en esta secci\u00f3n incluyas toda tu formaci\u00f3n acad\u00e9mica, tanto estudios universitarios como cursos, talleres o capacitaciones que hayas realizado.<\/p>\n<h3><span class=\"ez-toc-section\" id=\"Ejemplo\"><\/span>Ejemplo:<span class=\"ez-toc-section-end\"><\/span><\/h3>\n<ul>\n<li><strong>Licenciatura en Administraci\u00f3n de Empresas<\/strong>, Universidad Nacional de Buenos Aires, 2016-2020.<\/li>\n<li><strong>Curso de Marketing Digital<\/strong>, Universidad de Palermo, 2019.<\/li>\n<li><strong>Taller de Liderazgo y Trabajo en Equipo<\/strong>, Fundaci\u00f3n del Sur, 2018.<\/li>\n<\/ul>\n<h2><span class=\"ez-toc-section\" id=\"Habilidades_y_Capacidades\"><\/span>Habilidades y Capacidades<span class=\"ez-toc-section-end\"><\/span><\/h2>\n<p>En esta secci\u00f3n, debes mencionar tus <strong>habilidades y capacidades<\/strong> que consideres relevantes para el puesto de trabajo que est\u00e1s solicitando, ya sean duras o blandas. Las habilidades duras hacen referencia a habilidades t\u00e9cnicas, como el manejo de herramientas inform\u00e1ticas y profesionales. Las habilidades blandas, en cambio, engloban habilidades sociales, comunicativas, organizativas, etc.<\/p>\n<h3><span class=\"ez-toc-section\" id=\"Ejemplo-2\"><\/span>Ejemplo:<span class=\"ez-toc-section-end\"><\/span><\/h3>\n<ul>\n<li><strong>Manejo de Microsoft Office<\/strong> (Excel, Word, Power Point).<\/li>\n<li><strong>Redacci\u00f3n y comunicaci\u00f3n efectiva<\/strong>.<\/li>\n<li><strong>Capacidad para trabajar en equipo<\/strong>.<\/li>\n<\/ul>\n<p><\/p>\n<div id='video-container0TBDXtOPdIs' style='width:100%; height:auto; max-width:587px; position: relative;' onclick='var iframe = document.createElement(\"iframe\"); iframe.src = \"https:\/\/www.youtube.com\/embed\/0TBDXtOPdIs?autoplay=1\"; iframe.style.width = \"100%\"; iframe.style.maxWidth = \"800px\"; iframe.frameborder = 0; iframe.allowfullscreen = \"allowfullscreen\"; document.getElementById(\"video-container0TBDXtOPdIs\").innerHTML = \"\"; document.getElementById(\"video-container0TBDXtOPdIs\").appendChild(iframe);'>\n<div class='image-video-plugin' style='background:url(\"https:\/\/img.youtube.com\/vi\/0TBDXtOPdIs\/0.jpg\") center no-repeat; background-size: cover;'><\/div>\n<p><span class='youtube-play-button'><\/span><noscript><a href='https:\/\/www.youtube.com\/watch?v=0TBDXtOPdIs' target='_blank' rel=\"noopener\">Play on YouTube<\/a><\/noscript><\/div>\n<p><\/p>\n<h2><span class=\"ez-toc-section\" id=\"Experiencia_Laboral\"><\/span>Experiencia Laboral<span class=\"ez-toc-section-end\"><\/span><\/h2>\n<p>Si bien esta secci\u00f3n puede parecer complicada de completar, siempre hay <strong>otras experiencias laborales o actividades<\/strong> que se puede incluir en el curr\u00edculum, aunque no tengan relaci\u00f3n directa con el puesto de trabajo al que se aspira. En este caso, es importante que puedas resaltar las habilidades y capacidades que hayas desarrollado con esas experiencias.<\/p>\n<h3><span class=\"ez-toc-section\" id=\"Ejemplo-3\"><\/span>Ejemplo:<span class=\"ez-toc-section-end\"><\/span><\/h3>\n<ul>\n<li><strong>Voluntario en una ONG<\/strong> (2017-2018). Tareas: organizaci\u00f3n de eventos, recaudaci\u00f3n de fondos y comunicaci\u00f3n con sponsors.<\/li>\n<li><strong>Trabajo de atenci\u00f3n al cliente<\/strong> (2019-2020). Tareas: atenci\u00f3n telef\u00f3nica y presencial, resoluci\u00f3n de consultas y reclamos, manejo de caja y facturaci\u00f3n.<\/li>\n<\/ul>\n<h2><span class=\"ez-toc-section\" id=\"Conclusion\"><\/span>Conclusi\u00f3n<span class=\"ez-toc-section-end\"><\/span><\/h2>\n<p>En resumen, un curr\u00edculum sin experiencia laboral es una oportunidad para demostrar tus habilidades y capacidades que hayas desarrollado en la formaci\u00f3n acad\u00e9mica, otras experiencias laborales o actividades. Es importante que el curr\u00edculum sea claro y conciso, y que resalte aquellas habilidades y capacidades que sean relevantes para el puesto que est\u00e1s solicitando. Con estas claves podr\u00e1s armar un buen curr\u00edculum y estar m\u00e1s cerca de conseguir el trabajo que deseas.<\/p>\n<link rel='stylesheet' href='https:\/\/www.trabajoenzamora.com\/blog\/wp-content\/plugins\/aitomaticblog\/public\/css\/style-iyr.css' type='text\/css' media='all' \/>\n","protected":false},"excerpt":{"rendered":"<p>Introducci\u00f3n A la hora de buscar trabajo, es com\u00fan encontrarse con esta situaci\u00f3n: no se tiene experiencia laboral previa. Pero no te preocupes, porque en [&hellip;]<\/p>\n","protected":false},"author":1,"featured_media":2107,"comment_status":"open","ping_status":"","sticky":false,"template":"","format":"standard","meta":{"_uag_custom_page_level_css":"","site-sidebar-layout":"default","site-content-layout":"","ast-site-content-layout":"default","site-content-style":"default","site-sidebar-style":"default","ast-global-header-display":"","ast-banner-title-visibility":"","ast-main-header-display":"","ast-hfb-above-header-display":"","ast-hfb-below-header-display":"","ast-hfb-mobile-header-display":"","site-post-title":"","ast-breadcrumbs-content":"","ast-featured-img":"","footer-sml-layout":"","ast-disable-related-posts":"","theme-transparent-header-meta":"","adv-header-id-meta":"","stick-header-meta":"","header-above-stick-meta":"","header-main-stick-meta":"","header-below-stick-meta":"","astra-migrate-meta-layouts":"default","ast-page-background-enabled":"default","ast-page-background-meta":{"desktop":{"background-color":"var(--ast-global-color-4)","background-image":"","background-repeat":"repeat","background-position":"center center","background-size":"auto","background-attachment":"scroll","background-type":"","background-media":"","overlay-type":"","overlay-color":"","overlay-opacity":"","overlay-gradient":""},"tablet":{"background-color":"","background-image":"","background-repeat":"repeat","background-position":"center center","background-size":"auto","background-attachment":"scroll","background-type":"","background-media":"","overlay-type":"","overlay-color":"","overlay-opacity":"","overlay-gradient":""},"mobile":{"background-color":"","background-image":"","background-repeat":"repeat","background-position":"center center","background-size":"auto","background-attachment":"scroll","background-type":"","background-media":"","overlay-type":"","overlay-color":"","overlay-opacity":"","overlay-gradient":""}},"ast-content-background-meta":{"desktop":{"background-color":"var(--ast-global-color-5)","background-image":"","background-repeat":"repeat","background-position":"center center","background-size":"auto","background-attachment":"scroll","background-type":"","background-media":"","overlay-type":"","overlay-color":"","overlay-opacity":"","overlay-gradient":""},"tablet":{"background-color":"var(--ast-global-color-5)","background-image":"","background-repeat":"repeat","background-position":"center center","background-size":"auto","background-attachment":"scroll","background-type":"","background-media":"","overlay-type":"","overlay-color":"","overlay-opacity":"","overlay-gradient":""},"mobile":{"background-color":"var(--ast-global-color-5)","background-image":"","background-repeat":"repeat","background-position":"center center","background-size":"auto","background-attachment":"scroll","background-type":"","background-media":"","overlay-type":"","overlay-color":"","overlay-opacity":"","overlay-gradient":""}},"footnotes":""},"categories":[1],"tags":[],"class_list":["post-2106","post","type-post","status-publish","format-standard","has-post-thumbnail","hentry","category-hacer-un-curriculum"],"uagb_featured_image_src":{"full":["https:\/\/www.trabajoenzamora.com\/blog\/wp-content\/uploads\/2023\/04\/Que-pongo-en-el-curriculum-si-no-tengo-experiencia-laboral.jpg",711,400,false],"thumbnail":["https:\/\/www.trabajoenzamora.com\/blog\/wp-content\/uploads\/2023\/04\/Que-pongo-en-el-curriculum-si-no-tengo-experiencia-laboral-150x150.jpg",150,150,true],"medium":["https:\/\/www.trabajoenzamora.com\/blog\/wp-content\/uploads\/2023\/04\/Que-pongo-en-el-curriculum-si-no-tengo-experiencia-laboral.jpg",300,169,false],"medium_large":["https:\/\/www.trabajoenzamora.com\/blog\/wp-content\/uploads\/2023\/04\/Que-pongo-en-el-curriculum-si-no-tengo-experiencia-laboral.jpg",711,400,false],"large":["https:\/\/www.trabajoenzamora.com\/blog\/wp-content\/uploads\/2023\/04\/Que-pongo-en-el-curriculum-si-no-tengo-experiencia-laboral.jpg",711,400,true],"1536x1536":["https:\/\/www.trabajoenzamora.com\/blog\/wp-content\/uploads\/2023\/04\/Que-pongo-en-el-curriculum-si-no-tengo-experiencia-laboral.jpg",711,400,false],"2048x2048":["https:\/\/www.trabajoenzamora.com\/blog\/wp-content\/uploads\/2023\/04\/Que-pongo-en-el-curriculum-si-no-tengo-experiencia-laboral.jpg",711,400,false]},"uagb_author_info":{"display_name":"xenonfactory","author_link":"https:\/\/www.trabajoenzamora.com\/blog\/author\/xenonfactory\/"},"uagb_comment_info":0,"uagb_excerpt":"Introducci\u00f3n A la hora de buscar trabajo, es com\u00fan encontrarse con esta situaci\u00f3n: no se tiene experiencia laboral previa. Pero no te preocupes, porque en [&hellip;]","amp_enabled":true,"_links":{"self":[{"href":"https:\/\/www.trabajoenzamora.com\/blog\/wp-json\/wp\/v2\/posts\/2106","targetHints":{"allow":["GET"]}}],"collection":[{"href":"https:\/\/www.trabajoenzamora.com\/blog\/wp-json\/wp\/v2\/posts"}],"about":[{"href":"https:\/\/www.trabajoenzamora.com\/blog\/wp-json\/wp\/v2\/types\/post"}],"author":[{"embeddable":true,"href":"https:\/\/www.trabajoenzamora.com\/blog\/wp-json\/wp\/v2\/users\/1"}],"replies":[{"embeddable":true,"href":"https:\/\/www.trabajoenzamora.com\/blog\/wp-json\/wp\/v2\/comments?post=2106"}],"version-history":[{"count":0,"href":"https:\/\/www.trabajoenzamora.com\/blog\/wp-json\/wp\/v2\/posts\/2106\/revisions"}],"wp:featuredmedia":[{"embeddable":true,"href":"https:\/\/www.trabajoenzamora.com\/blog\/wp-json\/wp\/v2\/media\/2107"}],"wp:attachment":[{"href":"https:\/\/www.trabajoenzamora.com\/blog\/wp-json\/wp\/v2\/media?parent=2106"}],"wp:term":[{"taxonomy":"category","embeddable":true,"href":"https:\/\/www.trabajoenzamora.com\/blog\/wp-json\/wp\/v2\/categories?post=2106"},{"taxonomy":"post_tag","embeddable":true,"href":"https:\/\/www.trabajoenzamora.com\/blog\/wp-json\/wp\/v2\/tags?post=2106"}],"curies":[{"name":"wp","href":"https:\/\/api.w.org\/{rel}","templated":true}]}}