{"id":2066,"date":"2023-04-11T19:05:02","date_gmt":"2023-04-11T17:05:02","guid":{"rendered":"https:\/\/www.trabajoenzamora.com\/blog\/?p=2066"},"modified":"2023-04-11T19:05:02","modified_gmt":"2023-04-11T17:05:02","slug":"adaptaciones-de-acceso-al-curriculum-discapacidad-visual","status":"publish","type":"post","link":"https:\/\/www.trabajoenzamora.com\/blog\/adaptaciones-de-acceso-al-curriculum-discapacidad-visual\/","title":{"rendered":"C\u00f3mo Mejorar las Adaptaciones de Acceso al Curr\u00edculum para las Personas con Discapacidad Visual"},"content":{"rendered":"<h2><span class=\"ez-toc-section\" id=\"Adaptaciones_de_acceso_al_curriculum_para_personas_con_discapacidad_visual\"><\/span>Adaptaciones de acceso al curr\u00edculum para personas con discapacidad visual<span class=\"ez-toc-section-end\"><\/span><\/h2><div id=\"ez-toc-container\" class=\"ez-toc-v2_0_82_2 counter-hierarchy ez-toc-counter ez-toc-custom ez-toc-container-direction\">\n<p class=\"ez-toc-title\" style=\"cursor:inherit\">Contenidos<\/p>\n<label for=\"ez-toc-cssicon-toggle-item-69f528ad02590\" class=\"ez-toc-cssicon-toggle-label\"><span class=\"ez-toc-cssicon\"><span class=\"eztoc-hide\" style=\"display:none;\">Toggle<\/span><span class=\"ez-toc-icon-toggle-span\"><svg style=\"fill: #686868;color:#686868\" xmlns=\"http:\/\/www.w3.org\/2000\/svg\" class=\"list-377408\" width=\"20px\" height=\"20px\" viewBox=\"0 0 24 24\" fill=\"none\"><path d=\"M6 6H4v2h2V6zm14 0H8v2h12V6zM4 11h2v2H4v-2zm16 0H8v2h12v-2zM4 16h2v2H4v-2zm16 0H8v2h12v-2z\" fill=\"currentColor\"><\/path><\/svg><svg style=\"fill: #686868;color:#686868\" class=\"arrow-unsorted-368013\" xmlns=\"http:\/\/www.w3.org\/2000\/svg\" width=\"10px\" height=\"10px\" viewBox=\"0 0 24 24\" version=\"1.2\" baseProfile=\"tiny\"><path d=\"M18.2 9.3l-6.2-6.3-6.2 6.3c-.2.2-.3.4-.3.7s.1.5.3.7c.2.2.4.3.7.3h11c.3 0 .5-.1.7-.3.2-.2.3-.5.3-.7s-.1-.5-.3-.7zM5.8 14.7l6.2 6.3 6.2-6.3c.2-.2.3-.5.3-.7s-.1-.5-.3-.7c-.2-.2-.4-.3-.7-.3h-11c-.3 0-.5.1-.7.3-.2.2-.3.5-.3.7s.1.5.3.7z\"\/><\/svg><\/span><\/span><\/label><input type=\"checkbox\"  id=\"ez-toc-cssicon-toggle-item-69f528ad02590\"  aria-label=\"Alternar\" \/><nav><ul class='ez-toc-list ez-toc-list-level-1 ' ><li class='ez-toc-page-1 ez-toc-heading-level-2'><a class=\"ez-toc-link ez-toc-heading-1\" href=\"https:\/\/www.trabajoenzamora.com\/blog\/adaptaciones-de-acceso-al-curriculum-discapacidad-visual\/#Adaptaciones_de_acceso_al_curriculum_para_personas_con_discapacidad_visual\" >Adaptaciones de acceso al curr\u00edculum para personas con discapacidad visual<\/a><\/li><li class='ez-toc-page-1 ez-toc-heading-level-2'><a class=\"ez-toc-link ez-toc-heading-2\" href=\"https:\/\/www.trabajoenzamora.com\/blog\/adaptaciones-de-acceso-al-curriculum-discapacidad-visual\/#Recursos_para_el_acceso_al_curriculum\" >Recursos para el acceso al curr\u00edculum<\/a><\/li><li class='ez-toc-page-1 ez-toc-heading-level-2'><a class=\"ez-toc-link ez-toc-heading-3\" href=\"https:\/\/www.trabajoenzamora.com\/blog\/adaptaciones-de-acceso-al-curriculum-discapacidad-visual\/#Ayuda_adicional\" >Ayuda adicional<\/a><\/li><li class='ez-toc-page-1 ez-toc-heading-level-2'><a class=\"ez-toc-link ez-toc-heading-4\" href=\"https:\/\/www.trabajoenzamora.com\/blog\/adaptaciones-de-acceso-al-curriculum-discapacidad-visual\/#Comprension_del_contenido\" >Comprensi\u00f3n del contenido<\/a><\/li><li class='ez-toc-page-1 ez-toc-heading-level-2'><a class=\"ez-toc-link ez-toc-heading-5\" href=\"https:\/\/www.trabajoenzamora.com\/blog\/adaptaciones-de-acceso-al-curriculum-discapacidad-visual\/#Accesibilidad_al_curriculum\" >Accesibilidad al curr\u00edculum<\/a><\/li><\/ul><\/nav><\/div>\n\n<p>Uno de los principales retos a los que se enfrentan las personas con discapacidad visual es la accesibilidad al curr\u00edculum. El acceso al curr\u00edculum de una persona con discapacidad visual debe estar adaptado a sus necesidades para que pueda recibir una educaci\u00f3n adecuada y obtener un empleo. Estas adaptaciones pueden incluir una variedad de herramientas y recursos para ayudar a la persona con discapacidad visual a alcanzar sus metas acad\u00e9micas y profesionales.<\/p>\n<p><\/p>\n<div id='video-containertLVyeGCW63I' style='width:100%; height:auto; max-width:587px; position: relative;' onclick='var iframe = document.createElement(\"iframe\"); iframe.src = \"https:\/\/www.youtube.com\/embed\/tLVyeGCW63I?autoplay=1\"; iframe.style.width = \"100%\"; iframe.style.maxWidth = \"800px\"; iframe.frameborder = 0; iframe.allowfullscreen = \"allowfullscreen\"; document.getElementById(\"video-containertLVyeGCW63I\").innerHTML = \"\"; document.getElementById(\"video-containertLVyeGCW63I\").appendChild(iframe);'>\n<div class='image-video-plugin' style='background:url(\"https:\/\/img.youtube.com\/vi\/tLVyeGCW63I\/0.jpg\") center no-repeat; background-size: cover;'><\/div>\n<p><span class='youtube-play-button'><\/span><noscript><a href='https:\/\/www.youtube.com\/watch?v=tLVyeGCW63I' target='_blank' rel=\"noopener\">Play on YouTube<\/a><\/noscript><\/div>\n<p><\/p>\n<h2><span class=\"ez-toc-section\" id=\"Recursos_para_el_acceso_al_curriculum\"><\/span>Recursos para el acceso al curr\u00edculum<span class=\"ez-toc-section-end\"><\/span><\/h2>\n<p>Los recursos para el acceso al curr\u00edculum de una persona con discapacidad visual incluyen una variedad de tecnolog\u00edas y herramientas dise\u00f1adas para ayudar a la persona a tener acceso al contenido del curr\u00edculum. Estas herramientas incluyen programas de lectura de pantalla, programas de ampliaci\u00f3n de pantalla, software de reconocimiento de voz y tecnolog\u00eda Braille. Estos recursos pueden ser utilizados para leer material impreso, realizar tareas escritas, realizar investigaciones y navegar por la web. Adem\u00e1s, muchas de estas herramientas pueden ser utilizadas para acceder a informaci\u00f3n en l\u00ednea, como la de libros electr\u00f3nicos, sitios web y bases de datos.<\/p>\n<h2><span class=\"ez-toc-section\" id=\"Ayuda_adicional\"><\/span>Ayuda adicional<span class=\"ez-toc-section-end\"><\/span><\/h2>\n<p>Adem\u00e1s de los recursos tecnol\u00f3gicos, las personas con discapacidad visual tambi\u00e9n pueden recibir ayuda adicional para el acceso al curr\u00edculum. Esta ayuda puede incluir el asesoramiento de un profesional calificado, como un maestro, un entrenador de accesibilidad o un experto en discapacidad visual. Estos profesionales pueden ayudar a la persona con discapacidad visual a encontrar los recursos adecuados para el acceso al curr\u00edculum, as\u00ed como tambi\u00e9n asegurar que la persona est\u00e9 recibiendo una educaci\u00f3n adecuada.<\/p>\n<h2><span class=\"ez-toc-section\" id=\"Comprension_del_contenido\"><\/span>Comprensi\u00f3n del contenido<span class=\"ez-toc-section-end\"><\/span><\/h2>\n<p>Adem\u00e1s de los recursos tecnol\u00f3gicos y la ayuda profesional, la comprensi\u00f3n del contenido es una parte esencial para el acceso al curr\u00edculum de una persona con discapacidad visual. Los profesores y los entrenadores de accesibilidad pueden ayudar a las personas con discapacidad visual a entender el contenido del curr\u00edculum y a desarrollar habilidades para su uso. Estas habilidades pueden incluir:<\/p>\n<ul>\n<li>Comprensi\u00f3n de los conceptos b\u00e1sicos.<\/li>\n<li>Habilidades para leer y comprender el lenguaje.<\/li>\n<li>Habilidades para realizar investigaciones.<\/li>\n<li>Habilidades para la soluci\u00f3n de problemas.<\/li>\n<li>Habilidades para el an\u00e1lisis y la s\u00edntesis de la informaci\u00f3n.<\/li>\n<li>Habilidades para la comunicaci\u00f3n escrita.<\/li>\n<\/ul>\n<p>Estas habilidades son esenciales para la comprensi\u00f3n del contenido del curr\u00edculum y para el \u00e9xito acad\u00e9mico y profesional de una persona con discapacidad visual.<\/p>\n<h2><span class=\"ez-toc-section\" id=\"Accesibilidad_al_curriculum\"><\/span>Accesibilidad al curr\u00edculum<span class=\"ez-toc-section-end\"><\/span><\/h2>\n<p>La accesibilidad al curr\u00edculum es una parte esencial para el \u00e9xito acad\u00e9mico y profesional de una persona con discapacidad visual. Las adaptaciones de acceso al curr\u00edculum pueden incluir recursos tecnol\u00f3gicos, ayuda profesional y comprensi\u00f3n del contenido. Estas adaptaciones son esenciales para ayudar a las personas con discapacidad visual a tener acceso al curr\u00edculum y para asegurar que reciban una educaci\u00f3n adecuada y obtengan un empleo.<\/p>\n<link rel='stylesheet' href='https:\/\/www.trabajoenzamora.com\/blog\/wp-content\/plugins\/aitomaticblog\/public\/css\/style-iyr.css' type='text\/css' media='all' \/>\n","protected":false},"excerpt":{"rendered":"<p>Adaptaciones de acceso al curr\u00edculum para personas con discapacidad visual Uno de los principales retos a los que se enfrentan las personas con discapacidad visual [&hellip;]<\/p>\n","protected":false},"author":1,"featured_media":2068,"comment_status":"open","ping_status":"","sticky":false,"template":"","format":"standard","meta":{"_uag_custom_page_level_css":"","site-sidebar-layout":"default","site-content-layout":"","ast-site-content-layout":"default","site-content-style":"default","site-sidebar-style":"default","ast-global-header-display":"","ast-banner-title-visibility":"","ast-main-header-display":"","ast-hfb-above-header-display":"","ast-hfb-below-header-display":"","ast-hfb-mobile-header-display":"","site-post-title":"","ast-breadcrumbs-content":"","ast-featured-img":"","footer-sml-layout":"","ast-disable-related-posts":"","theme-transparent-header-meta":"","adv-header-id-meta":"","stick-header-meta":"","header-above-stick-meta":"","header-main-stick-meta":"","header-below-stick-meta":"","astra-migrate-meta-layouts":"default","ast-page-background-enabled":"default","ast-page-background-meta":{"desktop":{"background-color":"var(--ast-global-color-4)","background-image":"","background-repeat":"repeat","background-position":"center center","background-size":"auto","background-attachment":"scroll","background-type":"","background-media":"","overlay-type":"","overlay-color":"","overlay-opacity":"","overlay-gradient":""},"tablet":{"background-color":"","background-image":"","background-repeat":"repeat","background-position":"center center","background-size":"auto","background-attachment":"scroll","background-type":"","background-media":"","overlay-type":"","overlay-color":"","overlay-opacity":"","overlay-gradient":""},"mobile":{"background-color":"","background-image":"","background-repeat":"repeat","background-position":"center center","background-size":"auto","background-attachment":"scroll","background-type":"","background-media":"","overlay-type":"","overlay-color":"","overlay-opacity":"","overlay-gradient":""}},"ast-content-background-meta":{"desktop":{"background-color":"var(--ast-global-color-5)","background-image":"","background-repeat":"repeat","background-position":"center center","background-size":"auto","background-attachment":"scroll","background-type":"","background-media":"","overlay-type":"","overlay-color":"","overlay-opacity":"","overlay-gradient":""},"tablet":{"background-color":"var(--ast-global-color-5)","background-image":"","background-repeat":"repeat","background-position":"center center","background-size":"auto","background-attachment":"scroll","background-type":"","background-media":"","overlay-type":"","overlay-color":"","overlay-opacity":"","overlay-gradient":""},"mobile":{"background-color":"var(--ast-global-color-5)","background-image":"","background-repeat":"repeat","background-position":"center center","background-size":"auto","background-attachment":"scroll","background-type":"","background-media":"","overlay-type":"","overlay-color":"","overlay-opacity":"","overlay-gradient":""}},"footnotes":""},"categories":[1],"tags":[],"class_list":["post-2066","post","type-post","status-publish","format-standard","has-post-thumbnail","hentry","category-hacer-un-curriculum"],"uagb_featured_image_src":{"full":["https:\/\/www.trabajoenzamora.com\/blog\/wp-content\/uploads\/2023\/04\/Adaptaciones-de-acceso-al-curriculum-discapacidad-visual.jpg",711,400,false],"thumbnail":["https:\/\/www.trabajoenzamora.com\/blog\/wp-content\/uploads\/2023\/04\/Adaptaciones-de-acceso-al-curriculum-discapacidad-visual-150x150.jpg",150,150,true],"medium":["https:\/\/www.trabajoenzamora.com\/blog\/wp-content\/uploads\/2023\/04\/Adaptaciones-de-acceso-al-curriculum-discapacidad-visual.jpg",300,169,false],"medium_large":["https:\/\/www.trabajoenzamora.com\/blog\/wp-content\/uploads\/2023\/04\/Adaptaciones-de-acceso-al-curriculum-discapacidad-visual.jpg",711,400,false],"large":["https:\/\/www.trabajoenzamora.com\/blog\/wp-content\/uploads\/2023\/04\/tLVyeGCW63I.jpg",711,400,true],"1536x1536":["https:\/\/www.trabajoenzamora.com\/blog\/wp-content\/uploads\/2023\/04\/Adaptaciones-de-acceso-al-curriculum-discapacidad-visual.jpg",711,400,false],"2048x2048":["https:\/\/www.trabajoenzamora.com\/blog\/wp-content\/uploads\/2023\/04\/Adaptaciones-de-acceso-al-curriculum-discapacidad-visual.jpg",711,400,false]},"uagb_author_info":{"display_name":"xenonfactory","author_link":"https:\/\/www.trabajoenzamora.com\/blog\/author\/xenonfactory\/"},"uagb_comment_info":0,"uagb_excerpt":"Adaptaciones de acceso al curr\u00edculum para personas con discapacidad visual Uno de los principales retos a los que se enfrentan las personas con discapacidad visual [&hellip;]","amp_enabled":true,"_links":{"self":[{"href":"https:\/\/www.trabajoenzamora.com\/blog\/wp-json\/wp\/v2\/posts\/2066","targetHints":{"allow":["GET"]}}],"collection":[{"href":"https:\/\/www.trabajoenzamora.com\/blog\/wp-json\/wp\/v2\/posts"}],"about":[{"href":"https:\/\/www.trabajoenzamora.com\/blog\/wp-json\/wp\/v2\/types\/post"}],"author":[{"embeddable":true,"href":"https:\/\/www.trabajoenzamora.com\/blog\/wp-json\/wp\/v2\/users\/1"}],"replies":[{"embeddable":true,"href":"https:\/\/www.trabajoenzamora.com\/blog\/wp-json\/wp\/v2\/comments?post=2066"}],"version-history":[{"count":0,"href":"https:\/\/www.trabajoenzamora.com\/blog\/wp-json\/wp\/v2\/posts\/2066\/revisions"}],"wp:featuredmedia":[{"embeddable":true,"href":"https:\/\/www.trabajoenzamora.com\/blog\/wp-json\/wp\/v2\/media\/2068"}],"wp:attachment":[{"href":"https:\/\/www.trabajoenzamora.com\/blog\/wp-json\/wp\/v2\/media?parent=2066"}],"wp:term":[{"taxonomy":"category","embeddable":true,"href":"https:\/\/www.trabajoenzamora.com\/blog\/wp-json\/wp\/v2\/categories?post=2066"},{"taxonomy":"post_tag","embeddable":true,"href":"https:\/\/www.trabajoenzamora.com\/blog\/wp-json\/wp\/v2\/tags?post=2066"}],"curies":[{"name":"wp","href":"https:\/\/api.w.org\/{rel}","templated":true}]}}